{"id":39551,"date":"2025-10-06T10:00:10","date_gmt":"2025-10-06T09:00:10","guid":{"rendered":"https:\/\/perfectvenue.eu\/es\/?p=39551"},"modified":"2025-10-05T18:43:08","modified_gmt":"2025-10-05T17:43:08","slug":"bodas-la-montana-lugares-magicos-los-alpes-los-pirineos","status":"publish","type":"post","link":"https:\/\/perfectvenue.eu\/es\/2025\/10\/06\/bodas-en-la-montana-lugares-magicos-entre-los-alpes-y-los-pirineos\/","title":{"rendered":"Bodas en la monta\u00f1a: lugares m\u00e1gicos entre los Alpes y los Pirineos"},"content":{"rendered":"<p><\/p>\n<p style=\"text-align: justify;\"><span style=\"font-weight: 400;\">Celebrar una boda es uno de los momentos m\u00e1s emotivos en la vida de una persona y son cada vez m\u00e1s las parejas que quieren lugares \u00fanicos, fuera de lo convencional y por ello, las bodas en la monta\u00f1a, cobran cada vez m\u00e1s protagonismo, y lugares como los Alpes y los Pirineos, son los lugares m\u00e1s codiciados.\u00a0<\/span><\/p>\n<p style=\"text-align: justify;\"><span style=\"font-weight: 400;\">Los Alpes, con sus picos nevados, valles verdes y encantadores pueblos alpinos, crean una atm\u00f3sfera de cuento de hadas para quienes sue\u00f1an con una boda rodeada de naturaleza pura. Lugares como Chamonix, Zermatt o los lagos italianos al pie de las monta\u00f1as son perfectos para bodas en la monta\u00f1a que mezclan lujo, tranquilidad y vistas panor\u00e1micas inigualables. Adem\u00e1s, estos destinos permiten una gran variedad de celebraciones, desde ceremonias \u00edntimas hasta eventos m\u00e1s elaborados.\u00a0\u00a0\u00a0\u00a0\u00a0\u00a0\u00a0\u00a0\u00a0\u00a0\u00a0\u00a0\u00a0\u00a0\u00a0\u00a0\u00a0\u00a0\u00a0\u00a0\u00a0\u00a0\u00a0\u00a0\u00a0\u00a0\u00a0\u00a0\u00a0\u00a0\u00a0\u00a0\u00a0\u00a0\u00a0\u00a0\u00a0\u00a0\u00a0\u00a0\u00a0\u00a0\u00a0\u00a0\u00a0\u00a0\u00a0\u00a0\u00a0\u00a0\u00a0\u00a0\u00a0\u00a0\u00a0\u00a0\u00a0\u00a0\u00a0\u00a0\u00a0\u00a0\u00a0\u00a0\u00a0\u00a0\u00a0\u00a0\u00a0\u00a0\u00a0\u00a0\u00a0\u00a0\u00a0\u00a0\u00a0\u00a0\u00a0\u00a0\u00a0\u00a0\u00a0\u00a0\u00a0\u00a0\u00a0\u00a0\u00a0\u00a0\u00a0\u00a0\u00a0\u00a0\u00a0\u00a0\u00a0\u00a0\u00a0\u00a0\u00a0\u00a0\u00a0\u00a0\u00a0\u00a0\u00a0\u00a0\u00a0\u00a0\u00a0\u00a0\u00a0\u00a0\u00a0\u00a0\u00a0\u00a0\u00a0\u00a0\u00a0\u00a0\u00a0\u00a0\u00a0\u00a0\u00a0\u00a0\u00a0\u00a0\u00a0\u00a0\u00a0\u00a0\u00a0\u00a0\u00a0\u00a0\u00a0\u00a0\u00a0\u00a0\u00a0\u00a0\u00a0\u00a0\u00a0\u00a0\u00a0\u00a0\u00a0\u00a0\u00a0\u00a0\u00a0\u00a0\u00a0\u00a0\u00a0\u00a0\u00a0\u00a0\u00a0\u00a0\u00a0\u00a0\u00a0\u00a0\u00a0\u00a0\u00a0\u00a0\u00a0\u00a0\u00a0\u00a0\u00a0\u00a0\u00a0\u00a0\u00a0\u00a0\u00a0\u00a0\u00a0\u00a0\u00a0\u00a0\u00a0\u00a0\u00a0\u00a0\u00a0\u00a0\u00a0\u00a0\u00a0\u00a0\u00a0\u00a0\u00a0\u00a0\u00a0\u00a0\u00a0\u00a0\u00a0\u00a0\u00a0\u00a0\u00a0\u00a0\u00a0\u00a0\u00a0\u00a0\u00a0\u00a0\u00a0\u00a0\u00a0\u00a0\u00a0\u00a0\u00a0\u00a0\u00a0\u00a0\u00a0\u00a0\u00a0\u00a0\u00a0\u00a0\u00a0\u00a0\u00a0\u00a0\u00a0\u00a0\u00a0\u00a0\u00a0\u00a0\u00a0\u00a0\u00a0\u00a0\u00a0\u00a0\u00a0\u00a0\u00a0\u00a0\u00a0\u00a0\u00a0\u00a0\u00a0\u00a0\u00a0\u00a0\u00a0\u00a0\u00a0\u00a0\u00a0\u00a0\u00a0\u00a0\u00a0\u00a0\u00a0\u00a0\u00a0\u00a0\u00a0\u00a0\u00a0\u00a0\u00a0\u00a0\u00a0\u00a0\u00a0\u00a0\u00a0\u00a0\u00a0\u00a0\u00a0\u00a0\u00a0\u00a0\u00a0\u00a0\u00a0\u00a0\u00a0\u00a0\u00a0\u00a0\u00a0\u00a0\u00a0\u00a0\u00a0\u00a0\u00a0\u00a0\u00a0\u00a0\u00a0\u00a0\u00a0\u00a0\u00a0\u00a0\u00a0\u00a0\u00a0\u00a0\u00a0\u00a0\u00a0\u00a0\u00a0\u00a0\u00a0\u00a0\u00a0\u00a0\u00a0\u00a0\u00a0\u00a0\u00a0\u00a0\u00a0\u00a0\u00a0\u00a0\u00a0\u00a0\u00a0\u00a0\u00a0\u00a0\u00a0\u00a0\u00a0\u00a0\u00a0\u00a0\u00a0\u00a0\u00a0\u00a0\u00a0\u00a0\u00a0\u00a0\u00a0\u00a0\u00a0\u00a0\u00a0\u00a0\u00a0\u00a0\u00a0\u00a0\u00a0\u00a0\u00a0\u00a0\u00a0\u00a0\u00a0\u00a0\u00a0\u00a0\u00a0\u00a0\u00a0\u00a0\u00a0\u00a0\u00a0\u00a0\u00a0\u00a0\u00a0\u00a0\u00a0\u00a0\u00a0\u00a0\u00a0\u00a0\u00a0\u00a0\u00a0\u00a0\u00a0\u00a0\u00a0\u00a0\u00a0\u00a0\u00a0\u00a0\u00a0\u00a0\u00a0\u00a0\u00a0\u00a0\u00a0\u00a0\u00a0\u00a0\u00a0\u00a0\u00a0\u00a0\u00a0\u00a0\u00a0\u00a0\u00a0\u00a0\u00a0\u00a0\u00a0\u00a0\u00a0\u00a0\u00a0\u00a0\u00a0\u00a0\u00a0\u00a0\u00a0\u00a0\u00a0\u00a0\u00a0\u00a0\u00a0\u00a0\u00a0\u00a0\u00a0\u00a0\u00a0\u00a0\u00a0\u00a0\u00a0\u00a0\u00a0\u00a0\u00a0\u00a0\u00a0\u00a0\u00a0\u00a0\u00a0\u00a0\u00a0\u00a0\u00a0\u00a0\u00a0\u00a0\u00a0\u00a0\u00a0\u00a0\u00a0\u00a0\u00a0\u00a0\u00a0\u00a0\u00a0\u00a0\u00a0\u00a0\u00a0\u00a0\u00a0\u00a0\u00a0\u00a0\u00a0\u00a0\u00a0\u00a0\u00a0\u00a0\u00a0\u00a0\u00a0\u00a0\u00a0\u00a0\u00a0\u00a0\u00a0\u00a0\u00a0\u00a0\u00a0\u00a0\u00a0\u00a0\u00a0\u00a0\u00a0\u00a0\u00a0\u00a0\u00a0\u00a0\u00a0\u00a0\u00a0\u00a0\u00a0\u00a0\u00a0\u00a0\u00a0\u00a0\u00a0\u00a0\u00a0\u00a0\u00a0\u00a0\u00a0\u00a0\u00a0\u00a0\u00a0\u00a0\u00a0\u00a0\u00a0\u00a0\u00a0\u00a0\u00a0\u00a0\u00a0\u00a0\u00a0\u00a0\u00a0\u00a0\u00a0\u00a0\u00a0\u00a0\u00a0\u00a0\u00a0\u00a0\u00a0\u00a0\u00a0\u00a0\u00a0\u00a0\u00a0\u00a0\u00a0\u00a0\u00a0\u00a0\u00a0\u00a0\u00a0\u00a0\u00a0\u00a0\u00a0\u00a0\u00a0\u00a0\u00a0\u00a0\u00a0\u00a0\u00a0\u00a0\u00a0\u00a0\u00a0\u00a0\u00a0\u00a0\u00a0\u00a0\u00a0\u00a0\u00a0\u00a0\u00a0\u00a0\u00a0\u00a0\u00a0\u00a0\u00a0\u00a0\u00a0\u00a0\u00a0\u00a0\u00a0\u00a0\u00a0\u00a0\u00a0\u00a0\u00a0\u00a0\u00a0\u00a0\u00a0\u00a0\u00a0\u00a0\u00a0\u00a0\u00a0\u00a0\u00a0\u00a0\u00a0\u00a0\u00a0\u00a0\u00a0\u00a0\u00a0\u00a0\u00a0\u00a0\u00a0\u00a0\u00a0\u00a0\u00a0\u00a0\u00a0\u00a0\u00a0\u00a0\u00a0\u00a0\u00a0\u00a0\u00a0\u00a0\u00a0\u00a0\u00a0\u00a0\u00a0\u00a0\u00a0\u00a0\u00a0\u00a0\u00a0\u00a0\u00a0\u00a0\u00a0\u00a0\u00a0\u00a0\u00a0\u00a0\u00a0\u00a0\u00a0\u00a0\u00a0\u00a0\u00a0\u00a0\u00a0\u00a0\u00a0\u00a0\u00a0\u00a0\u00a0\u00a0\u00a0\u00a0\u00a0\u00a0\u00a0\u00a0\u00a0\u00a0\u00a0\u00a0\u00a0\u00a0\u00a0\u00a0\u00a0\u00a0\u00a0\u00a0\u00a0\u00a0\u00a0\u00a0\u00a0\u00a0\u00a0\u00a0\u00a0\u00a0\u00a0\u00a0\u00a0\u00a0\u00a0\u00a0\u00a0\u00a0\u00a0\u00a0\u00a0\u00a0\u00a0\u00a0\u00a0\u00a0\u00a0\u00a0\u00a0\u00a0\u00a0\u00a0\u00a0\u00a0\u00a0\u00a0\u00a0\u00a0\u00a0\u00a0\u00a0\u00a0\u00a0\u00a0\u00a0\u00a0\u00a0\u00a0\u00a0\u00a0\u00a0\u00a0\u00a0\u00a0\u00a0\u00a0\u00a0\u00a0\u00a0\u00a0\u00a0\u00a0\u00a0\u00a0\u00a0\u00a0\u00a0\u00a0\u00a0\u00a0\u00a0\u00a0\u00a0\u00a0\u00a0\u00a0\u00a0\u00a0\u00a0\u00a0\u00a0\u00a0\u00a0\u00a0\u00a0\u00a0\u00a0\u00a0\u00a0\u00a0\u00a0\u00a0\u00a0\u00a0\u00a0\u00a0\u00a0\u00a0\u00a0\u00a0\u00a0\u00a0\u00a0\u00a0\u00a0\u00a0\u00a0\u00a0\u00a0\u00a0\u00a0\u00a0\u00a0\u00a0\u00a0\u00a0\u00a0\u00a0\u00a0\u00a0\u00a0\u00a0\u00a0\u00a0\u00a0\u00a0\u00a0\u00a0\u00a0\u00a0\u00a0\u00a0\u00a0\u00a0\u00a0\u00a0\u00a0\u00a0\u00a0\u00a0\u00a0\u00a0\u00a0\u00a0\u00a0\u00a0\u00a0\u00a0\u00a0\u00a0\u00a0\u00a0\u00a0\u00a0\u00a0\u00a0\u00a0\u00a0\u00a0\u00a0\u00a0\u00a0\u00a0\u00a0\u00a0\u00a0\u00a0\u00a0\u00a0\u00a0\u00a0\u00a0\u00a0\u00a0\u00a0\u00a0\u00a0\u00a0\u00a0\u00a0\u00a0\u00a0\u00a0\u00a0\u00a0\u00a0\u00a0\u00a0\u00a0\u00a0\u00a0\u00a0\u00a0\u00a0\u00a0\u00a0\u00a0\u00a0\u00a0\u00a0\u00a0\u00a0\u00a0\u00a0\u00a0\u00a0\u00a0\u00a0\u00a0\u00a0\u00a0\u00a0\u00a0\u00a0\u00a0\u00a0\u00a0\u00a0\u00a0\u00a0\u00a0\u00a0\u00a0\u00a0\u00a0\u00a0\u00a0\u00a0\u00a0\u00a0\u00a0\u00a0\u00a0\u00a0\u00a0\u00a0\u00a0\u00a0\u00a0\u00a0\u00a0\u00a0\u00a0\u00a0\u00a0\u00a0\u00a0\u00a0\u00a0\u00a0\u00a0\u00a0\u00a0\u00a0\u00a0\u00a0\u00a0\u00a0\u00a0\u00a0\u00a0\u00a0\u00a0\u00a0\u00a0\u00a0\u00a0\u00a0\u00a0\u00a0\u00a0\u00a0\u00a0\u00a0\u00a0\u00a0\u00a0\u00a0\u00a0\u00a0\u00a0\u00a0\u00a0\u00a0\u00a0\u00a0\u00a0\u00a0\u00a0\u00a0\u00a0\u00a0\u00a0\u00a0\u00a0\u00a0\u00a0\u00a0\u00a0\u00a0\u00a0\u00a0\u00a0\u00a0\u00a0\u00a0\u00a0\u00a0\u00a0\u00a0\u00a0\u00a0\u00a0\u00a0\u00a0\u00a0\u00a0\u00a0\u00a0\u00a0\u00a0\u00a0\u00a0\u00a0\u00a0\u00a0\u00a0\u00a0\u00a0\u00a0\u00a0\u00a0\u00a0\u00a0\u00a0\u00a0\u00a0\u00a0\u00a0\u00a0\u00a0\u00a0\u00a0\u00a0\u00a0\u00a0\u00a0\u00a0\u00a0\u00a0\u00a0\u00a0\u00a0\u00a0\u00a0\u00a0\u00a0\u00a0\u00a0\u00a0\u00a0\u00a0\u00a0\u00a0\u00a0\u00a0\u00a0\u00a0\u00a0\u00a0\u00a0\u00a0\u00a0\u00a0\u00a0\u00a0\u00a0\u00a0\u00a0\u00a0\u00a0\u00a0\u00a0\u00a0\u00a0\u00a0\u00a0\u00a0\u00a0\u00a0\u00a0\u00a0\u00a0\u00a0\u00a0\u00a0\u00a0\u00a0\u00a0\u00a0\u00a0\u00a0\u00a0\u00a0\u00a0\u00a0\u00a0\u00a0\u00a0\u00a0\u00a0\u00a0\u00a0\u00a0\u00a0\u00a0\u00a0\u00a0\u00a0\u00a0\u00a0\u00a0\u00a0\u00a0\u00a0\u00a0\u00a0<\/span><\/p>\n<p style=\"text-align: justify;\"><span style=\"font-weight: 400;\">Por otro lado, los Pirineos ofrecen una alternativa igualmente encantadora, especialmente para quienes buscan autenticidad, cultura local y paisajes que van desde densos bosques hasta imponentes cumbres. Regiones como el Valle de Ar\u00e1n, Andorra o el Parque Nacional de Ordesa y Monte Perdido son escenarios ideales para bodas en la monta\u00f1a con un toque r\u00fastico y acogedor.<\/span><\/p>\n<p style=\"text-align: justify;\"><span style=\"font-weight: 400;\">Por lo tanto, organizar una boda en los Alpes o los Pirineos, es mucho m\u00e1s que elegir un lugar bonito, es crear una experiencia inolvidable. Estos paisajes ofrecen no solo belleza esc\u00e9nica, sino tambi\u00e9n servicios de alta calidad y romanticismo que os dejar\u00e1n con un maravilloso sabor de boca. As\u00ed que, si est\u00e1s interesado en las bodas en la monta\u00f1a, qu\u00e9date y d\u00e9jate sorprender un poco m\u00e1s.\u00a0<\/span><\/p>\n<p style=\"text-align: justify;\"><span style=\"font-weight: 400;\">\u00a1Vamos all\u00e1!<\/span><\/p>\n<figure id=\"attachment_39562\" aria-describedby=\"caption-attachment-39562\" style=\"width: 700px\" class=\"wp-caption aligncenter\"><img loading=\"lazy\" decoding=\"async\" class=\"size-full wp-image-39562 lazyload\" src=\"data:image\/gif;base64,R0lGODlhAQABAAAAACH5BAEKAAEALAAAAAABAAEAAAICTAEAOw==\" alt=\"Bodas en la monta\u00f1a \/ Foto v\u00eda Pinterest\" width=\"700\" height=\"1050\" data-src=\"https:\/\/perfectvenue.eu\/wp-content\/uploads\/Bodas-en-la-montana-_-Foto-via-Pinterest.jpg\"><figcaption id=\"caption-attachment-39562\" class=\"wp-caption-text\">Bodas en la monta\u00f1a \/ Foto v\u00eda Pinterest<\/figcaption><\/figure>\n<p style=\"text-align: justify;\"><span style=\"font-weight: 400;\">Pero antes, no te pierdas <\/span><a href=\"https:\/\/perfectvenue.eu\/es\/2024\/11\/12\/boda-invierno-europa-los-rincones-espacios-mas-encantadores-una-boda-nieve\/\"><span style=\"font-weight: 400;\">las bodas de invierno en Europa<\/span><\/a><span style=\"font-weight: 400;\">, para ir calentando motores.\u00a0<\/span><\/p>\n<h2 style=\"text-align: justify;\"><span style=\"font-weight: 400;\">Ch\u00e2teau de Gudanes<\/span><\/h2>\n<p style=\"text-align: justify;\"><span style=\"font-weight: 400;\">Ubicado en la cima de una colina en los Pirineos franceses, es un lugar de distinguida historia, romanticismo, tranquilidad y vistas naturales panor\u00e1micas de los valles y monta\u00f1as circundantes.<\/span><\/p>\n<p style=\"text-align: justify;\"><span style=\"font-weight: 400;\">Si te has imaginado alguna vez tu boda en un aut\u00e9ntico castillo con unas incre\u00edbles vistas a unas monta\u00f1as con un encanto especial, \u00e9ste es sin duda tu Ch\u00e2teau.\u00a0<\/span><\/p>\n<p style=\"text-align: justify;\"><span style=\"font-weight: 400;\">Se construy\u00f3 sobre los restos de un castillo medieval y fue residencia de nobles en el siglo XVIII<\/span><span style=\"font-weight: 400;\">. <\/span><span style=\"font-weight: 400;\">En el a\u00f1o 2013 fue objeto de una restauraci\u00f3n, por lo que ahora, es el lugar perfecto para celebrar una boda, como si de Maria Antonieta se tratase.\u00a0\u00a0<\/span><\/p>\n<p style=\"text-align: justify;\"><span style=\"font-weight: 400;\">Cuenta con majestuosos salones reci\u00e9n reformados, pero que no han perdido la historia que los caracteriza, para albergar a tus invitados en un d\u00eda de invierno con grandes ventanales que te permiten ver los Pirineos de fondo nevados.\u00a0<\/span><\/p>\n<p style=\"text-align: justify;\"><span style=\"font-weight: 400;\">O si por el contrario, te interesa una boda en verano, tiene unos inmensos jardines verdes, cuidados, donde podr\u00e1s disfrutar de una boda perfecta al aire libre, con los Pirineos completamente verdes de fondo, respirando aut\u00e9ntico aire fresco y con una sensaci\u00f3n de total libertad.\u00a0<\/span><\/p>\n<p style=\"text-align: justify;\"><span style=\"font-weight: 400;\">Pertenece a la comuna francesa de <\/span><span style=\"font-weight: 400;\">Les Cabannes, en la regi\u00f3n de Occitania y se encuentra en el valle del r\u00edo Ari\u00e8ge, pegado a la carretera que lleva al Principado de Andorra y a los pies de la primera estaci\u00f3n de esqu\u00ed de fondo de los Pirineos.\u00a0<\/span><\/p>\n<figure id=\"attachment_39553\" aria-describedby=\"caption-attachment-39553\" style=\"width: 700px\" class=\"wp-caption aligncenter\"><img loading=\"lazy\" decoding=\"async\" class=\"size-full wp-image-39553 lazyload\" src=\"data:image\/gif;base64,R0lGODlhAQABAAAAACH5BAEKAAEALAAAAAABAAEAAAICTAEAOw==\" alt=\"Bodas en la monta\u00f1a \/ Foto v\u00eda Pinterest\" width=\"700\" height=\"1050\" data-src=\"https:\/\/perfectvenue.eu\/wp-content\/uploads\/Chateau-de-Gudanes-.jpg\"><figcaption id=\"caption-attachment-39553\" class=\"wp-caption-text\">Ch\u00e2teau de Gudanes\u00a0\/ Foto v\u00eda Pinterest<\/figcaption><\/figure>\n<h2 style=\"text-align: justify;\"><span style=\"font-weight: 400;\">Hotel Val de Neu<\/span><\/h2>\n<p style=\"text-align: justify;\"><span style=\"font-weight: 400;\">Un hotel de cinco estrellas de madera y pizarra que se camufla entre monta\u00f1as y nieve. Fuera naturaleza y armon\u00eda, dentro, lujo y sofisticaci\u00f3n es lo que caracteriza a \u00e9ste hotel en Baqueira Beret.\u00a0<\/span><\/p>\n<p style=\"text-align: justify;\"><span style=\"font-weight: 400;\">Ofrece varios salones destinados al banquete de bodas, todos ellos elegantemente equipados para que tanto a vosotros como a vuestros invitados, no os falte absolutamente nada. Cada uno, con una capacidad diferente de invitados, algo a tener en cuenta.\u00a0<\/span><\/p>\n<p style=\"text-align: justify;\"><span style=\"font-weight: 400;\">Un dato a tener en cuenta, es que tanto vosotros como vuestros invitados ser\u00e9is bien recibidos a la hora de pasar la noche en el hotel y por supuesto, vosotros podr\u00e9is contar con una de las cuatro Real Suites para pasar vuestra noche de bodas.\u00a0<\/span><\/p>\n<p style=\"text-align: justify;\"><span style=\"font-weight: 400;\">Imag\u00ednate daros el \u2018\u2019S\u00ed, quiero\u2019\u2019 con los Pirineos nevados de fondo, en un hotel de lujo en uno de los mejores lugares de Espa\u00f1a. Sin duda, un entorno id\u00edlico, para un momento tan especial, \u00bfno crees?<\/span><\/p>\n<figure id=\"attachment_39554\" aria-describedby=\"caption-attachment-39554\" style=\"width: 700px\" class=\"wp-caption aligncenter\"><img loading=\"lazy\" decoding=\"async\" class=\"size-full wp-image-39554 lazyload\" src=\"data:image\/gif;base64,R0lGODlhAQABAAAAACH5BAEKAAEALAAAAAABAAEAAAICTAEAOw==\" alt=\"Bodas en la monta\u00f1a \/ Foto v\u00eda Pinterest\" width=\"700\" height=\"438\" data-src=\"https:\/\/perfectvenue.eu\/wp-content\/uploads\/Hotel-Val-de-Neu-.jpg\"><figcaption id=\"caption-attachment-39554\" class=\"wp-caption-text\">Bodas en la monta\u00f1a \/ Foto v\u00eda Pinterest<\/figcaption><\/figure>\n<h2 style=\"text-align: justify;\"><span style=\"font-weight: 400;\">Arties como escenario de bodas en la monta\u00f1a<\/span><\/h2>\n<p style=\"text-align: justify;\"><span style=\"font-weight: 400;\">Arties, situado a 1.144\u202fm en el Valle de Ar\u00e1n, es un destino de ensue\u00f1o para bodas en la monta\u00f1a. Catalogado como uno de los Pueblos M\u00e1s Bonitos de Espa\u00f1a desde 2023, su arquitectura tradicional, calles empedradas y entorno natural convierten cada rinc\u00f3n en una postal perfecta.<\/span><\/p>\n<p style=\"text-align: justify;\"><span style=\"font-weight: 400;\">La ceremonia puede celebrarse en la iglesia Santa Mar\u00eda de Arties, que con su nave central y los frescos del Juicio Final, se convierte en un sitio \u00fanico para celebrar tu boda rodeados de belleza e historia.\u00a0<\/span><\/p>\n<p style=\"text-align: justify;\"><span style=\"font-weight: 400;\">Para el banquete o ceremonia civil, se suele acudir a La Borda de l\u2019Artiga, una construcci\u00f3n t\u00edpica de piedra, madera y pizarra que pertenece al Hotel Casa Irene, donde podr\u00e1s tener unas vistas que os dejar\u00e1n a todos sin palabras.\u00a0<\/span><\/p>\n<p style=\"text-align: justify;\"><span style=\"font-weight: 400;\">Otra opci\u00f3n destacada es el Parador de Arties, una casa se\u00f1orial del siglo XIV-XV con acogedores interiores y vistas privilegiadas del valle. Ofrece m\u00faltiples salones que pueden albergar entre 15 y 250 invitados y cocina aragonesa, algo por lo que sin duda, destacar\u00e1s en tu gran d\u00eda.\u00a0<\/span><\/p>\n<p style=\"text-align: justify;\"><span style=\"font-weight: 400;\">Arties ofrece un marco incomparable para bodas en la monta\u00f1a, tradici\u00f3n, naturaleza y elegancia.\u00a0<\/span><\/p>\n<figure id=\"attachment_39555\" aria-describedby=\"caption-attachment-39555\" style=\"width: 700px\" class=\"wp-caption aligncenter\"><img loading=\"lazy\" decoding=\"async\" class=\"size-full wp-image-39555 lazyload\" src=\"data:image\/gif;base64,R0lGODlhAQABAAAAACH5BAEKAAEALAAAAAABAAEAAAICTAEAOw==\" alt=\"Bodas en la monta\u00f1a \/ Foto v\u00eda Pinterest\" width=\"700\" height=\"933\" data-src=\"https:\/\/perfectvenue.eu\/wp-content\/uploads\/Arties-.jpg\"><figcaption id=\"caption-attachment-39555\" class=\"wp-caption-text\">Arties, Valle de Ar\u00e1n \/ Foto v\u00eda Pinterest<\/figcaption><\/figure>\n<h2 style=\"text-align: justify;\"><span style=\"font-weight: 400;\">Refuge du Montenvers<\/span><\/h2>\n<p style=\"text-align: justify;\"><span style=\"font-weight: 400;\">Situado a 1913 metros de altitud en los Alpes Franceses, se encuentra a pie del espectacular glaciar de la Mer de Glace, ofreciendo vistas panor\u00e1micas privilegiadas del valle y los emblem\u00e1ticos picos de Les Drus y las Grandes Josasses. Su ambiente nost\u00e1lgico y aut\u00e9ntico se convierte en el escenario perfecto para una boda \u00edntima y llena de encanto.\u00a0<\/span><\/p>\n<p style=\"text-align: justify;\"><span style=\"font-weight: 400;\">Este espacio se privatiza exclusivamente para bodas o eventos especiales, ofreciendo as\u00ed una experiencia a medida y completamente personalizada.\u00a0<\/span><\/p>\n<p style=\"text-align: justify;\"><span style=\"font-weight: 400;\">Cuenta con una capacidad de entre 30 y 120 invitados.\u00a0<\/span><\/p>\n<p style=\"text-align: justify;\"><span style=\"font-weight: 400;\">Ya sea con nieve invernal o bajo cielos claros en verano, este lugar no te dejar\u00e1 indiferente. Adem\u00e1s ofrece diferentes actividades para tus invitados como visitar el glaciar y vuelos panor\u00e1micos o picnics en la naturaleza.\u00a0<\/span><\/p>\n<p style=\"text-align: justify;\"><span style=\"font-weight: 400;\">Este refugio ofrece un marco incomparable para bodas en la monta\u00f1a: alta monta\u00f1a, historia y vistas espectaculares. Es, sin duda, un lugar donde cada detalle est\u00e1 pensado para hacer el d\u00eda de tu boda, una experiencia m\u00e1gica e inolvidable.\u00a0<\/span><\/p>\n<p style=\"text-align: justify;\"><span style=\"font-weight: 400;\">Por \u00faltimo, si lo que quieres es comodidad, vistas abiertas y actividades al aire libre, sin duda te recomendamos que tu boda sea en verano; de julio a septiembre.\u00a0\u00a0<\/span><\/p>\n<p style=\"text-align: justify;\"><span style=\"font-weight: 400;\">Si lo que quieres es un ambiente c\u00e1lido y m\u00e1gico y una boda \u00edntima en la nieve, de enero a marzo son tus meses.\u00a0<\/span><\/p>\n<p style=\"text-align: justify;\"><span style=\"font-weight: 400;\">Pero si buscas contrastes visuales y tranquilidad, los meses de abril a junio y octubre, son los meses m\u00e1s destacados.\u00a0<\/span><\/p>\n<figure id=\"attachment_39556\" aria-describedby=\"caption-attachment-39556\" style=\"width: 700px\" class=\"wp-caption aligncenter\"><img loading=\"lazy\" decoding=\"async\" class=\"size-full wp-image-39556 lazyload\" src=\"data:image\/gif;base64,R0lGODlhAQABAAAAACH5BAEKAAEALAAAAAABAAEAAAICTAEAOw==\" alt=\"Bodas en la monta\u00f1a \/ Foto v\u00eda Pinterest\" width=\"700\" height=\"788\" data-src=\"https:\/\/perfectvenue.eu\/wp-content\/uploads\/Refuge-du-Montenvers-.jpg\"><figcaption id=\"caption-attachment-39556\" class=\"wp-caption-text\">Refuge du Montenvers\u00a0\/ Foto v\u00eda Pinterest<\/figcaption><\/figure>\n<h2 style=\"text-align: justify;\"><span style=\"font-weight: 400;\">Les Granges d&#8217;en Haut<\/span><\/h2>\n<p style=\"text-align: justify;\"><span style=\"font-weight: 400;\">Situado en Les Houches, en el valle de Chamonix, es un resort de monta\u00f1a de cinco estrellas que combina autenticidad alpina con un lujo contempor\u00e1neo. Est\u00e1 formado por entre once y catorce chalets independientes con cuatro dormitorios, cuatro ba\u00f1os y sauna privada, que ofrece alojamiento para hasta ocho personas por chalet.\u00a0<\/span><\/p>\n<p style=\"text-align: justify;\"><span style=\"font-weight: 400;\">El hotel cuenta con dos salones de gala, ideales para celebraciones de entre sesenta y ochenta personas, con una terraza panor\u00e1mica perfecta para celebrar el c\u00f3ctel con unas vistas de infarto.\u00a0<\/span><\/p>\n<p style=\"text-align: justify;\"><span style=\"font-weight: 400;\">Gracias a sus comodidades, puede funcionar en cualquier estaci\u00f3n. En verano permite ceremonias en terraza y en invierno, el ambiente es m\u00e1s c\u00e1lido y acogedor teniendo un entorno nevado.\u00a0<\/span><\/p>\n<figure id=\"attachment_39557\" aria-describedby=\"caption-attachment-39557\" style=\"width: 700px\" class=\"wp-caption aligncenter\"><img loading=\"lazy\" decoding=\"async\" class=\"size-full wp-image-39557 lazyload\" src=\"data:image\/gif;base64,R0lGODlhAQABAAAAACH5BAEKAAEALAAAAAABAAEAAAICTAEAOw==\" alt=\"Bodas en la monta\u00f1a \/ Foto v\u00eda Les Granges d&#039;en Haut\" width=\"700\" height=\"467\" data-src=\"https:\/\/perfectvenue.eu\/wp-content\/uploads\/Les-Granges-d_en-Haut-.jpg\"><figcaption id=\"caption-attachment-39557\" class=\"wp-caption-text\">Les Granges d&#8217;en Haut\u00a0\/ Foto v\u00eda Les Granges d&#8217;en Haut<\/figcaption><\/figure>\n<h2 style=\"text-align: justify;\"><span style=\"font-weight: 400;\">La Cabane des Praz<\/span><\/h2>\n<p style=\"text-align: justify;\"><span style=\"font-weight: 400;\">Ubicada en el elegante entorno del campo de golf de Chamonix, junto a la estaci\u00f3n de esqu\u00ed de La Fl\u00e9g\u00e8re, esta estructura de estilo finland\u00e9s combina la calidez de un refugio de madera con una decoraci\u00f3n moderna y acogedora. Ofrece vistas excepcionales del Mont-Blanc, ideales para ceremonias llenas de magia.\u00a0<\/span><\/p>\n<p style=\"text-align: justify;\"><span style=\"font-weight: 400;\">Puede albergar hasta 220 personas y dispone de una o dos terrazas perfectas para el brindis nupcial al aire libre donde tendr\u00e9is unas vistas de esc\u00e1ndalo con el Mont-Blan como testigo de vuestro amor.\u00a0<\/span><\/p>\n<p style=\"text-align: justify;\"><span style=\"font-weight: 400;\">Es una opci\u00f3n excepcional para bodas en la monta\u00f1a en los Alpes; un chalet elegante y acogedor, con panor\u00e1micas impresionantes y una total personalizaci\u00f3n. Tanto si deseas una ceremonia \u00edntima como si quieres una grande, este lugar es el ideal, uniendo autenticidad alpina con sofisticaci\u00f3n.\u00a0<\/span><\/p>\n<figure id=\"attachment_39558\" aria-describedby=\"caption-attachment-39558\" style=\"width: 700px\" class=\"wp-caption aligncenter\"><img loading=\"lazy\" decoding=\"async\" class=\"wp-image-39558 size-full lazyload\" title=\"Bodas en la monta\u00f1a \" src=\"data:image\/gif;base64,R0lGODlhAQABAAAAACH5BAEKAAEALAAAAAABAAEAAAICTAEAOw==\" alt=\"Bodas en la monta\u00f1a \/ Foto v\u00eda Pinterest\" width=\"700\" height=\"467\" data-src=\"https:\/\/perfectvenue.eu\/wp-content\/uploads\/La-Cabane-des-Praz-.jpg\"><figcaption id=\"caption-attachment-39558\" class=\"wp-caption-text\">La Cabane des Praz\u00a0\/ Foto v\u00eda Pinterest<\/figcaption><\/figure>\n<p style=\"text-align: justify;\"><span style=\"font-weight: 400;\">Si te han gustado, no te pierdas <\/span><a href=\"https:\/\/perfectvenue.eu\/es\/2025\/08\/01\/best-wedding-venues-in-switzerland\/\"><span style=\"font-weight: 400;\">los mejores espacios para bodas en Suiza<\/span><\/a><span style=\"font-weight: 400;\">, sin duda, una idea \u00fanica.\u00a0<\/span><\/p>\n<h2 style=\"text-align: justify;\"><span style=\"font-weight: 400;\">Provenza-Alpes-Costa Azul<\/span><\/h2>\n<p style=\"text-align: justify;\"><span style=\"font-weight: 400;\">Una regi\u00f3n que mezcla paisaje monta\u00f1oso con campos de lavanda, vi\u00f1edos y pueblos medievales.\u00a0<\/span><\/p>\n<p style=\"text-align: justify;\"><span style=\"font-weight: 400;\">Os vamos a dar unos ejemplos destacados de estas zonas:<\/span><\/p>\n<h3 style=\"text-align: justify;\"><span style=\"font-weight: 400;\">Domaine d\u2019Egenia:<\/span><\/h3>\n<p style=\"text-align: justify;\"><span style=\"font-weight: 400;\">Est\u00e1 situado en Roussillon, entre campos de lavanda, olivos, vi\u00f1edos y jardines floridos, dentro de un terreno de seis hect\u00e1reas que mantienen la magia del paisaje provenzal.\u00a0<\/span><\/p>\n<p style=\"text-align: justify;\"><span style=\"font-weight: 400;\">Aqu\u00ed puedes casarte rodeado de lavanda y vi\u00f1edos, bajo una rom\u00e1ntica glorieta blanca en el jard\u00edn con capacidad para doscientas personas.\u00a0<\/span><\/p>\n<p style=\"text-align: justify;\"><span style=\"font-weight: 400;\">Tambi\u00e9n dispones de alojamiento para hasta cuarenta personas, lo que sin duda, es un punto a favor, ya que puedes tener a tus seres queridos a tu lado tanto el d\u00eda de la boda, como el d\u00eda de despu\u00e9s.\u00a0<\/span><\/p>\n<p style=\"text-align: justify;\"><span style=\"font-weight: 400;\">Combina el encanto aut\u00e9ntico de la Provenza con la sofisticaci\u00f3n moderna para ofrecer una experiencia nupcial inigualable. Ideal para bodas en la monta\u00f1a que tambi\u00e9n respire luz dorada, aromas del mediterr\u00e1neo y elegancia natural.\u00a0<\/span><\/p>\n<figure id=\"attachment_39565\" aria-describedby=\"caption-attachment-39565\" style=\"width: 700px\" class=\"wp-caption aligncenter\"><img loading=\"lazy\" decoding=\"async\" class=\"size-full wp-image-39565 lazyload\" src=\"data:image\/gif;base64,R0lGODlhAQABAAAAACH5BAEKAAEALAAAAAABAAEAAAICTAEAOw==\" alt=\"Bodas en la monta\u00f1a \/ Foto v\u00eda Pinterest\" width=\"700\" height=\"933\" data-src=\"https:\/\/perfectvenue.eu\/wp-content\/uploads\/Roussillon-.jpg\"><figcaption id=\"caption-attachment-39565\" class=\"wp-caption-text\">Roussillon\u00a0\/ Foto v\u00eda Pinterest<\/figcaption><\/figure>\n<h3 style=\"text-align: justify;\"><span style=\"font-weight: 400;\">La Lauren:<\/span><\/h3>\n<p style=\"text-align: justify;\"><span style=\"font-weight: 400;\">Un rinc\u00f3n rom\u00e1ntico entre lavanda y monta\u00f1a. Es una mas provenzal (casa rural tradicional t\u00edpica de la zona) del siglo XVII, situada a unos mil metros de altitud, en el tranquilo altiplano de Sault, entre Mont-Ventoux y el Luberon. Rodeado de campos de lavanda, la brisa perfumada y el aire limpio de la naturaleza crean un entorno ideal para una boda inolvidable.\u00a0<\/span><\/p>\n<p style=\"text-align: justify;\"><span style=\"font-weight: 400;\">Este lugar destaca por su gran sal\u00f3n con chimenea medieval y mobiliario de la \u00e9poca, perfecto para bodas \u00edntimas. Completan la experiencia los jardines, donde destaca un peque\u00f1o jard\u00edn al estilo franc\u00e9s que es el escenario ideal para conseguir unas fotograf\u00edas llenas de luz y emoci\u00f3n.\u00a0<\/span><\/p>\n<p style=\"text-align: justify;\"><span style=\"font-weight: 400;\">Si lo que buscas es una boda completamente \u00edntima, tambi\u00e9n es una opci\u00f3n fant\u00e1stica para un elopement de ensue\u00f1o.\u00a0<\/span><\/p>\n<p style=\"text-align: justify;\"><span style=\"font-weight: 400;\">Tiene capacidad para ochenta personas y ofrece alojamiento para seis personas, pero cuenta con opciones complementarias de alojamientos pr\u00f3ximos como Ch\u00e2teau de Ferrassi\u00e8res o Ch\u00e2teau de la Gabelle, a tan solo a un kil\u00f3metro del mas.\u00a0<\/span><\/p>\n<p style=\"text-align: justify;\"><span style=\"font-weight: 400;\">Es el lugar perfecto para bodas en la monta\u00f1a estilo provenzal, combinando hostia, naturaleza, elegancia y personalizaci\u00f3n en un entorno \u00edntimo y evocador.\u00a0<\/span><\/p>\n<figure id=\"attachment_39564\" aria-describedby=\"caption-attachment-39564\" style=\"width: 700px\" class=\"wp-caption aligncenter\"><img loading=\"lazy\" decoding=\"async\" class=\"size-full wp-image-39564 lazyload\" src=\"data:image\/gif;base64,R0lGODlhAQABAAAAACH5BAEKAAEALAAAAAABAAEAAAICTAEAOw==\" alt=\"Bodas en la monta\u00f1a \/ Foto v\u00eda Pinterest\" width=\"700\" height=\"502\" data-src=\"https:\/\/perfectvenue.eu\/wp-content\/uploads\/la-lauren-.jpg\"><figcaption id=\"caption-attachment-39564\" class=\"wp-caption-text\">La Lauren \/ Foto v\u00eda Pinterest<\/figcaption><\/figure>\n<h3 style=\"text-align: justify;\"><span style=\"font-weight: 400;\">Mas de So:<\/span><\/h3>\n<p style=\"text-align: justify;\"><span style=\"font-weight: 400;\">Un refugio de ensue\u00f1o en pleno vi\u00f1edo.\u00a0 Se encuentra en el coraz\u00f3n del Gard, entre los vi\u00f1edos de la regi\u00f3n de C\u00f4tes du Rh\u00f4ne. Este mas del siglo XIX combina la aut\u00e9ntica arquitectura tradicional con un dise\u00f1o moderno.\u00a0<\/span><\/p>\n<p style=\"text-align: justify;\"><span style=\"font-weight: 400;\">Puedes reservar el mas completo y su imponente orangerie, una estructura acristalada de unos 540 metros cuadrados que permite celebraciones de hasta quinientos invitados. En el mas tradicional, puedes celebrar eventos \u00edntimos de hasta setenta personas, banquetes de hasta cuatrocientos y c\u00f3cteles de hasta quinientos invitados.\u00a0<\/span><\/p>\n<p style=\"text-align: justify;\"><span style=\"font-weight: 400;\">El lugar ofrece alojamiento para dieciocho personas en siete habitaciones, incluyendo una suite nupcial con ba\u00f1era, adem\u00e1s de piscina climatizada, sal\u00f3n con barra, cine privado y sala de billar, ideal para prolongar la celebraci\u00f3n.\u00a0<\/span><\/p>\n<p style=\"text-align: justify;\"><span style=\"font-weight: 400;\">Por si no te hemos convencido lo suficiente, te dejamos por aqu\u00ed esta <\/span><a href=\"https:\/\/perfectvenue.eu\/es\/2025\/01\/11\/wedding-in-a-lavender-field\/\"><span style=\"font-weight: 400;\">boda en un campo de lavanda<\/span><\/a><span style=\"font-weight: 400;\"> para darte ese empuj\u00f3n final, \u00a1no te lo pierdas!<\/span><\/p>\n<p><\/p>\n<span class=\"tags-links\"><a href=\"https:\/\/perfectvenue.eu\/es\/tag\/bodas-en-la-montana\/\" rel=\"tag\">Bodas en la monta\u00f1a<\/a><a href=\"https:\/\/perfectvenue.eu\/es\/tag\/bodas-en-la-montana-2026\/\" rel=\"tag\">Bodas en la monta\u00f1a 2026<\/a><a href=\"https:\/\/perfectvenue.eu\/es\/tag\/bodas-en-la-montana-lugares-magicos-en-los-alpes-y-los-pirineos\/\" rel=\"tag\">Bodas en la monta\u00f1a: lugares m\u00e1gicos en los Alpes y los Pirineos<\/a><\/span>","protected":false},"excerpt":{"rendered":"<p>Bodas en la monta\u00f1a: lugares m\u00e1gicos entre los Alpes y los Pirineos. Descubre los rincones m\u00e1s encantadores para celebrar tu boda.<\/p>\n","protected":false},"author":56301,"featured_media":39562,"comment_status":"open","ping_status":"open","sticky":false,"template":"","format":"standard","meta":{"_mo_disable_npp":"","footnotes":""},"categories":[945],"tags":[3422,3423,3424],"class_list":["post-39551","post","type-post","status-publish","format-standard","has-post-thumbnail","hentry","category-destination-bohemian-wedding","tag-bodas-en-la-montana","tag-bodas-en-la-montana-2026","tag-bodas-en-la-montana-lugares-magicos-en-los-alpes-y-los-pirineos"],"_links":{"self":[{"href":"https:\/\/perfectvenue.eu\/es\/wp-json\/wp\/v2\/posts\/39551","targetHints":{"allow":["GET"]}}],"collection":[{"href":"https:\/\/perfectvenue.eu\/es\/wp-json\/wp\/v2\/posts"}],"about":[{"href":"https:\/\/perfectvenue.eu\/es\/wp-json\/wp\/v2\/types\/post"}],"author":[{"embeddable":true,"href":"https:\/\/perfectvenue.eu\/es\/wp-json\/wp\/v2\/users\/56301"}],"replies":[{"embeddable":true,"href":"https:\/\/perfectvenue.eu\/es\/wp-json\/wp\/v2\/comments?post=39551"}],"version-history":[{"count":0,"href":"https:\/\/perfectvenue.eu\/es\/wp-json\/wp\/v2\/posts\/39551\/revisions"}],"wp:featuredmedia":[{"embeddable":true,"href":"https:\/\/perfectvenue.eu\/es\/wp-json\/wp\/v2\/media\/39562"}],"wp:attachment":[{"href":"https:\/\/perfectvenue.eu\/es\/wp-json\/wp\/v2\/media?parent=39551"}],"wp:term":[{"taxonomy":"category","embeddable":true,"href":"https:\/\/perfectvenue.eu\/es\/wp-json\/wp\/v2\/categories?post=39551"},{"taxonomy":"post_tag","embeddable":true,"href":"https:\/\/perfectvenue.eu\/es\/wp-json\/wp\/v2\/tags?post=39551"}],"curies":[{"name":"wp","href":"https:\/\/api.w.org\/{rel}","templated":true}]}}