{"id":39634,"date":"2025-10-13T10:00:33","date_gmt":"2025-10-13T09:00:33","guid":{"rendered":"https:\/\/perfectvenue.eu\/es\/?p=39634"},"modified":"2025-10-12T15:39:09","modified_gmt":"2025-10-12T14:39:09","slug":"boda-tematica-alpina-suiza-fondue-nieve-chimenea","status":"publish","type":"post","link":"https:\/\/perfectvenue.eu\/es\/2025\/10\/13\/boda-tematica-alpina-en-suiza-fondue-nieve-y-chimenea\/","title":{"rendered":"Boda tem\u00e1tica alpina en suiza: fondue, nieve y chimenea"},"content":{"rendered":"<p><\/p>\n<p style=\"text-align: justify;\"><span style=\"font-weight: 400;\">Una boda tem\u00e1tica alpina en Suiza es una experiencia m\u00e1gica que combina paisajes de postal, tradiciones suizas y una atm\u00f3sfera de monta\u00f1a acogedora. Adem\u00e1s, permite jugar con elementos r\u00fasticos chic, colores neutros, madera c\u00e1lida y toques de plata o azul para emular las crestas nevadas y los lagos glaciares.<\/span><\/p>\n<p style=\"text-align: justify;\"><span style=\"font-weight: 400;\">Este tel\u00f3n de fondo eleva la experiencia desde el primer instante, permitiendo fotograf\u00edas de altura, atardeceres luminosos y una sensaci\u00f3n de grandeza que pocas tem\u00e1ticas pueden igualar. La inmersi\u00f3n visual facilita crear memorias duraderas entre la pareja y sus invitados.<\/span><\/p>\n<p style=\"text-align: justify;\"><span style=\"font-weight: 400;\">Adem\u00e1s, los Alpes suizos ofrecen una gran variedad de alojamientos que van desde chalets hasta resorts de monta\u00f1a, lo que simplifica la planificaci\u00f3n integral de una boda tem\u00e1tica alpina en Suiza: ceremonia, banquete, alojamiento y actividades en un solo destino o en \u00e1reas cercanas. De este modo, los invitados no solo asisten, sino que viven una experiencia sensorial completa, lo que eleva la percepci\u00f3n general del evento.<\/span><\/p>\n<p style=\"text-align: justify;\"><span style=\"font-weight: 400;\">As\u00ed pues, puedes personalizar la boda tem\u00e1tica alpina en Suiza en funci\u00f3n del clima y la estaci\u00f3n.<\/span> <span style=\"font-weight: 400;\">La primavera ofrece paisajes floridos, el verano garantiza d\u00edas largos y temperaturas agradables, el oto\u00f1o desvela colores c\u00e1lidos de monta\u00f1a, y el invierno convierte el paisaje en un cuento de hadas nevado. \u00a1Ideal!<\/span><\/p>\n<p style=\"text-align: justify;\"><span style=\"font-weight: 400;\">Por eso, si quieres saber m\u00e1s, \u00a1sigue leyendo!\u00a0<\/span><\/p>\n<figure id=\"attachment_39639\" aria-describedby=\"caption-attachment-39639\" style=\"width: 700px\" class=\"wp-caption aligncenter\"><img loading=\"lazy\" decoding=\"async\" class=\"size-full wp-image-39639 lazyload\" src=\"data:image\/gif;base64,R0lGODlhAQABAAAAACH5BAEKAAEALAAAAAABAAEAAAICTAEAOw==\" alt=\"Boda tem\u00e1tica alpina en suiza \/ Foto v\u00eda Pinterest\" width=\"700\" height=\"1050\" data-src=\"https:\/\/perfectvenue.eu\/wp-content\/uploads\/Boda-tematica-alpina-en-suiza-_-Foto-via-Pinterest5.jpg\"><figcaption id=\"caption-attachment-39639\" class=\"wp-caption-text\">Boda tem\u00e1tica alpina en Suiza \/ Foto v\u00eda Pinterest<\/figcaption><\/figure>\n<h2 style=\"text-align: justify;\"><span style=\"font-weight: 400;\">Localizaci\u00f3n para una boda tem\u00e1tica alpina en Suiza<\/span><\/h2>\n<p style=\"text-align: justify;\"><span style=\"font-weight: 400;\">Para tu boda tem\u00e1tica alpina en Suiza la localizaci\u00f3n es imprescindible. Sin embargo, cualquier rinc\u00f3n ofrece un escenario con vistas espectaculares: desde un chalet alpino en Z\u00farich Oberland, un hotel boutique en Interlaken, hasta una ceremonia frente a un lago como el Lucerne o el Lago de Thun.<\/span><\/p>\n<p style=\"text-align: justify;\"><span style=\"font-weight: 400;\">Si prefieres lugares m\u00e1s lujosos, entonces un resort en los Alpes berneses o en el Valais brinda paisajes \u00e9picos y servicios integrales, desde alojamiento hasta catering. \u00a1Te encantar\u00e1n!<\/span><\/p>\n<figure id=\"attachment_39499\" aria-describedby=\"caption-attachment-39499\" style=\"width: 700px\" class=\"wp-caption aligncenter\"><img loading=\"lazy\" decoding=\"async\" class=\"wp-image-39499 size-full lazyload\" title=\"Boda tem\u00e1tica alpina en suiza\" src=\"data:image\/gif;base64,R0lGODlhAQABAAAAACH5BAEKAAEALAAAAAABAAEAAAICTAEAOw==\" alt=\"Boda tem\u00e1tica alpina en suiza \/ Foto v\u00eda Villa Honegg\" width=\"700\" height=\"1244\" data-src=\"https:\/\/perfectvenue.eu\/wp-content\/uploads\/Villa-Honegg-1.jpg\"><figcaption id=\"caption-attachment-39499\" class=\"wp-caption-text\">Localizaci\u00f3n para boda tem\u00e1tica en Suiza \/ Foto v\u00eda Villa Honegg<\/figcaption><\/figure>\n<h2 style=\"text-align: justify;\"><span style=\"font-weight: 400;\">Decoraci\u00f3n de cuento para una boda tem\u00e1tica alpina en Suiza<\/span><\/h2>\n<p style=\"text-align: justify;\"><span style=\"font-weight: 400;\">Para esta ocasi\u00f3n tan especial, la madera natural es protagonista: utiliza vigas expuestas, mesas largas con manteles crema y centros de mesa de pi\u00f1as, ramas de abeto y velas suaves.<\/span><\/p>\n<p style=\"text-align: justify;\"><span style=\"font-weight: 400;\">Tambi\u00e9n puedes incorporar toques de forro escandinavo con textiles en lana, punto de la abuela y mantas de lana para los invitados. Detalles en plateado y blanco imitando la nieve; flores blancas, ac\u00f3nito azul, y eucalipto para un aire fresco; as\u00ed como iluminaci\u00f3n c\u00e1lida con farolillos, guirnaldas de luces y candelabros de vela para crear una atm\u00f3sfera acogedora al anochecer. \u00a1Para una ceremonia m\u00e1gica!<\/span><\/p>\n<figure id=\"attachment_39636\" aria-describedby=\"caption-attachment-39636\" style=\"width: 700px\" class=\"wp-caption aligncenter\"><img loading=\"lazy\" decoding=\"async\" class=\"size-full wp-image-39636 lazyload\" src=\"data:image\/gif;base64,R0lGODlhAQABAAAAACH5BAEKAAEALAAAAAABAAEAAAICTAEAOw==\" alt=\"Boda tem\u00e1tica alpina en suiza \/ Foto v\u00eda Pinterest\" width=\"700\" height=\"1250\" data-src=\"https:\/\/perfectvenue.eu\/wp-content\/uploads\/Boda-tematica-alpina-en-suiza-_-Foto-via-Pinterest.jpg\"><figcaption id=\"caption-attachment-39636\" class=\"wp-caption-text\">Decoraci\u00f3n para boda tem\u00e1tica alpina en Suiza \/ Foto v\u00eda Pinterest<\/figcaption><\/figure>\n<h2 style=\"text-align: justify;\"><span style=\"font-weight: 400;\">Vestimenta adecuada para una boda tem\u00e1tica alpina en Suiza<\/span><\/h2>\n<p style=\"text-align: justify;\"><span style=\"font-weight: 400;\">Para la pareja protagonista, trajes de corte cl\u00e1sico, pero con un toque rural: chaqueta de terciopelo o tweed, corbatas o pajaritas en tonos azul marino o burdeos.<\/span><\/p>\n<p style=\"text-align: justify;\"><span style=\"font-weight: 400;\">Las invitadas pueden optar por vestidos en tonos suaves y capeados con mantas para la transici\u00f3n entre el altar y la recepci\u00f3n al aire libre.<\/span><\/p>\n<p style=\"text-align: justify;\"><span style=\"font-weight: 400;\">Si hay nieve, los accesorios pueden ser de piel sint\u00e9tica, e incluir sombreros elegantes pueden acentuar la tem\u00e1tica.<\/span><\/p>\n<figure id=\"attachment_39646\" aria-describedby=\"caption-attachment-39646\" style=\"width: 700px\" class=\"wp-caption aligncenter\"><img loading=\"lazy\" decoding=\"async\" class=\"size-full wp-image-39646 lazyload\" src=\"data:image\/gif;base64,R0lGODlhAQABAAAAACH5BAEKAAEALAAAAAABAAEAAAICTAEAOw==\" alt=\"Boda tem\u00e1tica alpina en suiza \/ Foto v\u00eda Pinterest\" width=\"700\" height=\"867\" data-src=\"https:\/\/perfectvenue.eu\/wp-content\/uploads\/Boda-tematica-alpina-en-suiza-_-Foto-via-Pinterest10.jpg\"><figcaption id=\"caption-attachment-39646\" class=\"wp-caption-text\">Vestimenta para boda tem\u00e1tica alpina \/ Foto v\u00eda Pinterest<\/figcaption><\/figure>\n<h2 style=\"text-align: justify;\"><span style=\"font-weight: 400;\">Ceremonia especial para una boda tem\u00e1tica alpina en Suiza<\/span><\/h2>\n<p style=\"text-align: justify;\"><span style=\"font-weight: 400;\">Puedes optar por una ceremonia al aire libre con vistas alpinas o incluso una capilla de monta\u00f1a para mayor intimidad. Tambi\u00e9n puedes a\u00f1adir m\u00fasica suave de cuerdas y rituales t\u00edpicos, como el intercambio de cordones de tela o una librea de abedul, para simbolizar la uni\u00f3n.<\/span><\/p>\n<p style=\"text-align: justify;\"><span style=\"font-weight: 400;\">Si el clima no coopera, un sal\u00f3n cercano con ventanales hacia las monta\u00f1as mantiene la continuidad de la experiencia. \u00a1Tenlo en cuenta!<\/span><\/p>\n<figure id=\"attachment_39490\" aria-describedby=\"caption-attachment-39490\" style=\"width: 700px\" class=\"wp-caption aligncenter\"><img loading=\"lazy\" decoding=\"async\" class=\"wp-image-39490 size-full lazyload\" title=\"Boda tem\u00e1tica alpina en suiza \" src=\"data:image\/gif;base64,R0lGODlhAQABAAAAACH5BAEKAAEALAAAAAABAAEAAAICTAEAOw==\" alt=\"Boda tem\u00e1tica alpina en suiza \/ Foto v\u00eda Kulm Hotel\" width=\"700\" height=\"1017\" data-src=\"https:\/\/perfectvenue.eu\/wp-content\/uploads\/Kulm-Hotel.jpeg\"><figcaption id=\"caption-attachment-39490\" class=\"wp-caption-text\">Boda tem\u00e1tica alpina en Suiza \/ Foto v\u00eda Kulm Hotel<\/figcaption><\/figure>\n<h2 style=\"text-align: justify;\"><span style=\"font-weight: 400;\">Gastronom\u00eda tradicional para una boda tem\u00e1tica alpina en Suiza<\/span><\/h2>\n<p style=\"text-align: justify;\"><span style=\"font-weight: 400;\">Para tu boda tem\u00e1tica alpina en Suiza puedes incorporar cl\u00e1sicos como fondue de queso, raclette y men\u00fas de temporada con productos locales.\u00a0<\/span><\/p>\n<p style=\"text-align: justify;\"><span style=\"font-weight: 400;\">Tambi\u00e9n ofrece estaciones diversas: una parrilla suiza, una mesa de quesos y chocolates, un c\u00f3ctel de bienvenida y postres de merengues suizos. \u00a1Les encantar\u00e1!<\/span><\/p>\n<figure id=\"attachment_39645\" aria-describedby=\"caption-attachment-39645\" style=\"width: 700px\" class=\"wp-caption aligncenter\"><img loading=\"lazy\" decoding=\"async\" class=\"size-full wp-image-39645 lazyload\" src=\"data:image\/gif;base64,R0lGODlhAQABAAAAACH5BAEKAAEALAAAAAABAAEAAAICTAEAOw==\" alt=\"Boda tem\u00e1tica alpina en suiza \/ Foto v\u00eda Pinterest\" width=\"700\" height=\"1244\" data-src=\"https:\/\/perfectvenue.eu\/wp-content\/uploads\/Boda-tematica-alpina-en-suiza-_-Foto-via-Pinterest9.jpg\"><figcaption id=\"caption-attachment-39645\" class=\"wp-caption-text\">Fondue de queso en Suiza \/ Foto v\u00eda Pinterest<\/figcaption><\/figure>\n<h2 style=\"text-align: justify;\"><span style=\"font-weight: 400;\">Experiencias \u00fanicas para una boda con tem\u00e1tica alpina en Suiza<\/span><\/h2>\n<p style=\"text-align: justify;\"><span style=\"font-weight: 400;\">Incluye serenatas de acorde\u00f3n o viol\u00edn suave, paseos en telecabina para fotos y una estaci\u00f3n de chocolate suizo para los invitados.\u00a0<\/span><\/p>\n<p style=\"text-align: justify;\"><span style=\"font-weight: 400;\">Tambi\u00e9n actividades para invitados como talleres de fabricaci\u00f3n de coronas de flores o yoga al amanecer. \u00a1Lo recordar\u00e1n siempre!<\/span><\/p>\n<figure id=\"attachment_39640\" aria-describedby=\"caption-attachment-39640\" style=\"width: 700px\" class=\"wp-caption aligncenter\"><img loading=\"lazy\" decoding=\"async\" class=\"size-full wp-image-39640 lazyload\" src=\"data:image\/gif;base64,R0lGODlhAQABAAAAACH5BAEKAAEALAAAAAABAAEAAAICTAEAOw==\" alt=\"Boda tem\u00e1tica alpina en suiza \/ Foto v\u00eda Pinterest\" width=\"700\" height=\"767\" data-src=\"https:\/\/perfectvenue.eu\/wp-content\/uploads\/Boda-tematica-alpina-en-suiza-_-Foto-via-Pinterest4.jpg\"><figcaption id=\"caption-attachment-39640\" class=\"wp-caption-text\">Paseo en telecabina \/ Foto v\u00eda Pinterest<\/figcaption><\/figure>\n<h2 style=\"text-align: justify;\"><span style=\"font-weight: 400;\">Log\u00edstica para una boda tem\u00e1tica alpina en Suiza<\/span><\/h2>\n<p style=\"text-align: justify;\"><span style=\"font-weight: 400;\">Planifica con antelaci\u00f3n por el clima impredecible de monta\u00f1a. Por eso, contempla refugios cubiertos, transporte desde ciudades cercanas, e incluso seguro de cancelaci\u00f3n.<\/span><\/p>\n<p style=\"text-align: justify;\"><span style=\"font-weight: 400;\">Tambi\u00e9n puedes a\u00f1adir material informativo para los invitados sobre vestimenta adecuada, horarios y transporte. \u00a1Les ser\u00e1 de gran ayuda!<\/span><\/p>\n<figure id=\"attachment_38939\" aria-describedby=\"caption-attachment-38939\" style=\"width: 700px\" class=\"wp-caption aligncenter\"><img loading=\"lazy\" decoding=\"async\" class=\"wp-image-38939 size-full lazyload\" title=\"Boda tem\u00e1tica alpina en suiza\" src=\"data:image\/gif;base64,R0lGODlhAQABAAAAACH5BAEKAAEALAAAAAABAAEAAAICTAEAOw==\" alt=\"Boda tem\u00e1tica alpina en suiza \/ Foto v\u00eda Pinterest\" width=\"700\" height=\"1050\" data-src=\"https:\/\/perfectvenue.eu\/wp-content\/uploads\/hotel-montana-.jpg\"><figcaption id=\"caption-attachment-38939\" class=\"wp-caption-text\">Boda tem\u00e1tica alpina en Suiza \/ Foto v\u00eda Pinterest<\/figcaption><\/figure>\n<h2 style=\"text-align: justify;\"><span style=\"font-weight: 400;\">\u00bfNecesitas ayuda para una boda tem\u00e1tica alpina en Suiza? \u00a1Contacta con profesionales!<\/span><\/h2>\n<p style=\"text-align: justify;\"><span style=\"font-weight: 400;\">Si te ha encantado la idea de realizar una boda tem\u00e1tica alpina en Suiza, pero no tienes ni idea de por d\u00f3nde empezar, \u00a1no temas! <\/span><a href=\"https:\/\/nataliaortizevents.com\/es\/\"><span style=\"font-weight: 400;\">Natalia Ortiz Events<\/span><\/a><span style=\"font-weight: 400;\"> te guiar\u00e1 en cada parte del proceso: desde la elecci\u00f3n del lugar hasta la decoraci\u00f3n y men\u00fa.<\/span><\/p>\n<p style=\"text-align: justify;\"><span style=\"font-weight: 400;\">Por eso, \u00a1olv\u00eddate del estr\u00e9s, conf\u00eda en los profesionales y disfruta de tu boda!<\/span><\/p>\n<p style=\"text-align: justify;\"><span style=\"font-weight: 400;\">Si te interesa saber m\u00e1s, entonces puedes echar un vistazo a esta <\/span><a href=\"https:\/\/perfectvenue.eu\/es\/2020\/03\/19\/a-harry-potter-themed-wedding-make-a-note-of-these-ideas\/\"><span style=\"font-weight: 400;\">boda tem\u00e1tica de Harry Potter<\/span><\/a><span style=\"font-weight: 400;\">, <\/span><a href=\"https:\/\/perfectvenue.eu\/es\/2024\/04\/25\/what-a-circus-we-give-you-the-30-best-ideas-to-organize-an-authentic-circus-themed-wedding\/\"><span style=\"font-weight: 400;\">30 mejores ideas para una boda con tem\u00e1tica de circo<\/span><\/a><span style=\"font-weight: 400;\"> y <\/span><a href=\"https:\/\/perfectvenue.eu\/es\/2025\/02\/03\/medieval-wedding-in-europe\/\"><span style=\"font-weight: 400;\">una boda medieval en Europa<\/span><\/a><span style=\"font-weight: 400;\">. \u00a1Te encantar\u00e1n!<\/span><\/p>\n<p><\/p>\n<span class=\"tags-links\"><a href=\"https:\/\/perfectvenue.eu\/es\/tag\/boda-tematica-alpina-en-suiza\/\" rel=\"tag\">Boda tem\u00e1tica alpina en suiza<\/a><a href=\"https:\/\/perfectvenue.eu\/es\/tag\/boda-tematica-alpina-en-suiza-2026\/\" rel=\"tag\">Boda tem\u00e1tica alpina en suiza 2026<\/a><a href=\"https:\/\/perfectvenue.eu\/es\/tag\/boda-tematica-alpina-en-suiza-elegante\/\" rel=\"tag\">Boda tem\u00e1tica alpina en suiza elegante<\/a><\/span>","protected":false},"excerpt":{"rendered":"<p>Boda tem\u00e1tica alpina en suiza: fondue, nieve y chimenea. Descubre todos los detalles para celebrar una ceremonia de ensue\u00f1o.<\/p>\n","protected":false},"author":56301,"featured_media":39645,"comment_status":"open","ping_status":"open","sticky":false,"template":"","format":"standard","meta":{"_mo_disable_npp":"","footnotes":""},"categories":[945],"tags":[3433,3434,3435],"class_list":["post-39634","post","type-post","status-publish","format-standard","has-post-thumbnail","hentry","category-destination-bohemian-wedding","tag-boda-tematica-alpina-en-suiza","tag-boda-tematica-alpina-en-suiza-2026","tag-boda-tematica-alpina-en-suiza-elegante"],"_links":{"self":[{"href":"https:\/\/perfectvenue.eu\/es\/wp-json\/wp\/v2\/posts\/39634","targetHints":{"allow":["GET"]}}],"collection":[{"href":"https:\/\/perfectvenue.eu\/es\/wp-json\/wp\/v2\/posts"}],"about":[{"href":"https:\/\/perfectvenue.eu\/es\/wp-json\/wp\/v2\/types\/post"}],"author":[{"embeddable":true,"href":"https:\/\/perfectvenue.eu\/es\/wp-json\/wp\/v2\/users\/56301"}],"replies":[{"embeddable":true,"href":"https:\/\/perfectvenue.eu\/es\/wp-json\/wp\/v2\/comments?post=39634"}],"version-history":[{"count":0,"href":"https:\/\/perfectvenue.eu\/es\/wp-json\/wp\/v2\/posts\/39634\/revisions"}],"wp:featuredmedia":[{"embeddable":true,"href":"https:\/\/perfectvenue.eu\/es\/wp-json\/wp\/v2\/media\/39645"}],"wp:attachment":[{"href":"https:\/\/perfectvenue.eu\/es\/wp-json\/wp\/v2\/media?parent=39634"}],"wp:term":[{"taxonomy":"category","embeddable":true,"href":"https:\/\/perfectvenue.eu\/es\/wp-json\/wp\/v2\/categories?post=39634"},{"taxonomy":"post_tag","embeddable":true,"href":"https:\/\/perfectvenue.eu\/es\/wp-json\/wp\/v2\/tags?post=39634"}],"curies":[{"name":"wp","href":"https:\/\/api.w.org\/{rel}","templated":true}]}}