{"id":40838,"date":"2026-01-21T10:07:14","date_gmt":"2026-01-21T09:07:14","guid":{"rendered":"https:\/\/perfectvenue.eu\/es\/?p=40838"},"modified":"2026-04-29T17:27:34","modified_gmt":"2026-04-29T16:27:34","slug":"los-jardines-europeos-mas-espectaculares-visitar-primavera","status":"publish","type":"post","link":"https:\/\/perfectvenue.eu\/es\/2026\/01\/21\/los-jardines-europeos-mas-espectaculares-para-visitar-en-primavera\/","title":{"rendered":"Los jardines europeos m\u00e1s espectaculares para visitar en primavera"},"content":{"rendered":"<p><\/p>\n<p style=\"text-align: justify;\"><span style=\"font-weight: 400;\">Europa en primavera es digna de visitar. Es una \u00e9poca perfecta para descubrir los jardines europeos, disfrutar de sus colores, de su ambiente tranquilo y de ese ritmo m\u00e1s pausado que trae la estaci\u00f3n. Desde los campos infinitos de tulipanes en los Pa\u00edses Bajos hasta la armon\u00eda de los jardines renacentistas italianos, cada destino ofrece una experiencia que se vive con todos los sentidos.<\/span><\/p>\n<p style=\"text-align: justify;\"><span style=\"font-weight: 400;\">Adem\u00e1s, recorrer jardines en esta \u00e9poca permite encontrar espacios menos conocidos pero igual de especiales. Senderos rodeados de flores, estanques tranquilos, miradores escondidos y rincones llenos de historia crean escenarios que invitan a desconectar. Cada jard\u00edn tiene su propio estilo y todos comparten esa capacidad de convertir un paseo sencillo en un recuerdo bonito y f\u00e1cil de disfrutar.<\/span><\/p>\n<p style=\"text-align: justify;\"><span style=\"font-weight: 400;\">Para completar la experiencia, muchos de estos jardines se encuentran junto a palacios, villas hist\u00f3ricas o pueblos encantadores. Alojarse en hoteles boutique cercanos, disfrutar de terrazas con vistas o degustar la gastronom\u00eda local convierte la escapada en un viaje completo, lleno de calma y belleza.<\/span><\/p>\n<p style=\"text-align: justify;\"><span style=\"font-weight: 400;\">Por todo ello, recorrer estos jardines en primavera es una forma maravillosa de reconectar con la naturaleza, celebrar la estaci\u00f3n m\u00e1s luminosa del a\u00f1o y descubrir paisajes que se quedan grabados para siempre. \u00bfLista para enamorarte de estos escenarios florales?<\/span><\/p>\n<p style=\"text-align: justify;\"><span style=\"font-weight: 400;\">\u00bfTe apuntas?<\/span><\/p>\n<figure id=\"attachment_40840\" aria-describedby=\"caption-attachment-40840\" style=\"width: 700px\" class=\"wp-caption aligncenter\"><img loading=\"lazy\" decoding=\"async\" class=\"size-full wp-image-40840 lazyload\" src=\"data:image\/gif;base64,R0lGODlhAQABAAAAACH5BAEKAAEALAAAAAABAAEAAAICTAEAOw==\" alt=\"Jardines europeos \/ Foto v\u00eda Pinterest\" width=\"700\" height=\"1050\" data-src=\"https:\/\/perfectvenue.eu\/wp-content\/uploads\/Jardines-europeos-_-Foto-via-Pinterest.jpg\"><figcaption id=\"caption-attachment-40840\" class=\"wp-caption-text\">Jardines europeos \/ Foto v\u00eda Pinterest<\/figcaption><\/figure>\n<h2 style=\"text-align: justify;\"><span style=\"font-weight: 400;\">Keukenhof, uno de los jardines europeos m\u00e1s espectaculares en los Pa\u00edses Bajos<\/span><\/h2>\n<p style=\"text-align: justify;\"><span style=\"font-weight: 400;\">La llegada de la primavera convierte Keukenhof en un estallido de color que parece no tener fin. Millones de tulipanes, narcisos y jacintos se despliegan en composiciones que cambian a cada paso, creando un paisaje vibrante que envuelve al visitante desde el primer instante. La luz suave, los aromas frescos y la armon\u00eda del dise\u00f1o hacen que el paseo se sienta casi irreal.<\/span><\/p>\n<p style=\"text-align: justify;\"><span style=\"font-weight: 400;\">Los invernaderos, los lagos y las esculturas al aire libre aportan un ritmo distinto al recorrido, alternando zonas de calma con espacios llenos de energ\u00eda visual. La mezcla entre parterres perfectamente cuidados y \u00e1reas m\u00e1s naturales genera un equilibrio que invita a detenerse y observar con atenci\u00f3n.<\/span><\/p>\n<p style=\"text-align: justify;\"><span style=\"font-weight: 400;\">Adem\u00e1s, Keukenhof ofrece miradores, jardines tem\u00e1ticos y rincones tranquilos donde relajarse mientras se contempla la inmensidad del conjunto. Es un destino que celebra la primavera con una intensidad \u00fanica, perfecto para quienes buscan belleza, serenidad y un espect\u00e1culo floral inolvidable.<\/span><\/p>\n<h2 style=\"text-align: justify;\"><span style=\"font-weight: 400;\">Versalles, elegancia cl\u00e1sica en plena primavera<\/span><\/h2>\n<p style=\"text-align: justify;\"><span style=\"font-weight: 400;\">En primavera, los jardines del Palacio de Versalles revelan su car\u00e1cter m\u00e1s majestuoso. La luz realza las avenidas geom\u00e9tricas, las fuentes monumentales y los parterres que han convertido este espacio en un icono del paisajismo franc\u00e9s. Cada perspectiva parece dise\u00f1ada para impresionar, y cada detalle cuenta una parte del legado real.<\/span><\/p>\n<p style=\"text-align: justify;\"><span style=\"font-weight: 400;\">El paseo por sus senderos permite descubrir rincones cargados de historia, donde la arquitectura cl\u00e1sica dialoga con la naturaleza de forma impecable. Las esculturas, las terrazas y los juegos de simetr\u00edas crean una experiencia visual que combina grandeza y armon\u00eda.<\/span><\/p>\n<p style=\"text-align: justify;\"><span style=\"font-weight: 400;\">Por su parte, las vistas desde las terrazas superiores, los juegos de agua y la inmensidad del jard\u00edn completan una experiencia que fusiona arte, naturaleza y serenidad. Versalles invita a caminar sin prisa y a dejarse envolver por la elegancia de un entorno \u00fanico.<\/span><\/p>\n<figure id=\"attachment_40844\" aria-describedby=\"caption-attachment-40844\" style=\"width: 700px\" class=\"wp-caption aligncenter\"><img loading=\"lazy\" decoding=\"async\" class=\"size-full wp-image-40844 lazyload\" src=\"data:image\/gif;base64,R0lGODlhAQABAAAAACH5BAEKAAEALAAAAAABAAEAAAICTAEAOw==\" alt=\"Jardines europeos \/ Foto v\u00eda Jennyd\" width=\"700\" height=\"933\" data-src=\"https:\/\/perfectvenue.eu\/wp-content\/uploads\/Jardines-europeos-_-Foto-via-Jennyd.jpg\"><figcaption id=\"caption-attachment-40844\" class=\"wp-caption-text\">Jardines del Palacio de Versalles \/ Foto v\u00eda Jennyd<\/figcaption><\/figure>\n<h2 style=\"text-align: justify;\"><span style=\"font-weight: 400;\">Kew Gardens, uno de los jardines europeos m\u00e1s fascinantes de Londres<\/span><\/h2>\n<p style=\"text-align: justify;\"><span style=\"font-weight: 400;\">La diversidad bot\u00e1nica es la gran protagonista de Kew Gardens, un espacio donde la naturaleza se despliega en todas sus formas. Los invernaderos victorianos, aut\u00e9nticas joyas arquitect\u00f3nicas, albergan especies de todos los continentes y crean un recorrido lleno de contrastes y descubrimientos.<\/span><\/p>\n<p style=\"text-align: justify;\"><span style=\"font-weight: 400;\">En primavera, los cerezos, magnolias y rododendros alcanzan su m\u00e1ximo esplendor, llenando el jard\u00edn de luz y fragancia. Los senderos amplios conducen a praderas en flor, estanques tranquilos y rincones que invitan a detenerse y contemplar el paisaje con calma.<\/span><\/p>\n<p style=\"text-align: justify;\"><span style=\"font-weight: 400;\">Por otra parte, Kew Gardens cuenta con miradores elevados, zonas de conservaci\u00f3n y espacios dedicados a la investigaci\u00f3n bot\u00e1nica, lo que convierte la visita en un viaje completo por la diversidad vegetal del planeta.<\/span><\/p>\n<h2 style=\"text-align: justify;\"><span style=\"font-weight: 400;\">Generalife, un oasis nazar\u00ed en Granada<\/span><\/h2>\n<p style=\"text-align: justify;\"><span style=\"font-weight: 400;\">El Generalife se vive a trav\u00e9s de los sentidos: el murmullo del agua, la sombra fresca de los setos y el aroma del azahar crean un ambiente que invita a caminar sin prisa. En primavera, este jard\u00edn nazar\u00ed se transforma en un escenario a\u00fan m\u00e1s evocador, donde la luz c\u00e1lida realza la arquitectura y los colores del paisaje.<\/span><\/p>\n<p style=\"text-align: justify;\"><span style=\"font-weight: 400;\">Los contrastes entre el blanco de los muros, el verde intenso de la vegetaci\u00f3n y el sonido constante del agua generan una atm\u00f3sfera que parece suspendida en el tiempo. Cada patio y cada fuente cuentan una historia que conecta con la esencia de la Alhambra, consolidando al Generalife como uno de los jardines europeos m\u00e1s evocadores de la primavera.<\/span><\/p>\n<p style=\"text-align: justify;\"><span style=\"font-weight: 400;\">Por otro lado, los miradores del Generalife ofrecen vistas privilegiadas de la Alhambra y de Granada, especialmente hermosas cuando la vegetaci\u00f3n est\u00e1 en plena floraci\u00f3n.<\/span><\/p>\n<figure id=\"attachment_40846\" aria-describedby=\"caption-attachment-40846\" style=\"width: 700px\" class=\"wp-caption aligncenter\"><img loading=\"lazy\" decoding=\"async\" class=\"size-full wp-image-40846 lazyload\" src=\"data:image\/gif;base64,R0lGODlhAQABAAAAACH5BAEKAAEALAAAAAABAAEAAAICTAEAOw==\" alt=\"Jardines europeos \/ Foto v\u00eda Cornelia Gramescu\" width=\"700\" height=\"1050\" data-src=\"https:\/\/perfectvenue.eu\/wp-content\/uploads\/Jardines-europeos-_-Foto-via-Cornelia-Gramescu.jpg\"><figcaption id=\"caption-attachment-40846\" class=\"wp-caption-text\">Jard\u00edn Generalife, Alhambra de Granada \/ Foto v\u00eda Cornelia Gramescu<\/figcaption><\/figure>\n<h2 style=\"text-align: justify;\"><span style=\"font-weight: 400;\">Sch\u00f6nbrunn, uno de los jardines europeos m\u00e1s rom\u00e1nticos de Viena<\/span><\/h2>\n<p style=\"text-align: justify;\"><span style=\"font-weight: 400;\">La elegancia imperial define los jardines de Sch\u00f6nbrunn, donde avenidas arboladas, glorietas y esculturas cl\u00e1sicas crean un escenario lleno de encanto. En primavera, la luz transforma cada espacio y realza la armon\u00eda del conjunto.<\/span><\/p>\n<p style=\"text-align: justify;\"><span style=\"font-weight: 400;\">El recorrido permite descubrir laberintos, fuentes ornamentales y terrazas con vistas al palacio y a la ciudad. La combinaci\u00f3n de arquitectura barroca y naturaleza cuidadosamente dise\u00f1ada convierte el paseo en una experiencia inspiradora.<\/span><\/p>\n<p style=\"text-align: justify;\"><span style=\"font-weight: 400;\">Por si fuera poco, Sch\u00f6nbrunn ofrece amplias zonas verdes, jardines tem\u00e1ticos y espacios hist\u00f3ricos que cuentan siglos de tradici\u00f3n.<\/span><\/p>\n<h2 style=\"text-align: justify;\"><span style=\"font-weight: 400;\">Villa d\u2019Este, fuentes y paisajes renacentistas en Italia<\/span><\/h2>\n<p style=\"text-align: justify;\"><span style=\"font-weight: 400;\">En Villa d\u2019Este, el agua es la gran protagonista. Fuentes, cascadas y juegos hidr\u00e1ulicos se integran con terrazas que se asoman al paisaje de Tivoli, creando un jard\u00edn renacentista lleno de teatralidad y movimiento. En primavera, la vegetaci\u00f3n en flor aporta frescura y color a cada rinc\u00f3n.<\/span><\/p>\n<p style=\"text-align: justify;\"><span style=\"font-weight: 400;\">Los senderos conducen a espacios donde la arquitectura y la naturaleza se fusionan de forma magistral. Las esculturas cl\u00e1sicas y los efectos visuales del agua convierten el recorrido en una experiencia sorprendente, consolidando a Villa d\u2019Este como uno de los jardines europeos m\u00e1s fascinantes para visitar en esta estaci\u00f3n.<\/span><\/p>\n<p style=\"text-align: justify;\"><span style=\"font-weight: 400;\">Adem\u00e1s, las vistas desde las terrazas superiores permiten contemplar el valle de manera espectacular, especialmente cuando la luz primaveral realza los tonos verdes y dorados del entorno.<\/span><\/p>\n<h2 style=\"text-align: justify;\"><span style=\"font-weight: 400;\">Jardines de Boboli, uno de los jardines europeos m\u00e1s emblem\u00e1ticos de Florencia<\/span><\/h2>\n<p style=\"text-align: justify;\"><span style=\"font-weight: 400;\">Los Jardines de Boboli son un ejemplo magistral del paisajismo renacentista italiano. Sus avenidas arboladas, esculturas cl\u00e1sicas y terrazas con vistas a Florencia crean un escenario que refleja la grandeza de los M\u00e9dici.<\/span><\/p>\n<p style=\"text-align: justify;\"><span style=\"font-weight: 400;\">El paseo permite descubrir grutas, fuentes y miradores que revelan la esencia art\u00edstica de la ciudad. La Grotta del Buontalenti, con su mezcla de elementos naturales y escult\u00f3ricos, es uno de los espacios m\u00e1s sorprendentes del conjunto.<\/span><\/p>\n<p style=\"text-align: justify;\"><span style=\"font-weight: 400;\">Junto a todo ello, las amplias praderas, los jardines geom\u00e9tricos y los caminos entre cipreses invitan a recorrer el espacio con calma.<\/span><\/p>\n<figure id=\"attachment_40848\" aria-describedby=\"caption-attachment-40848\" style=\"width: 700px\" class=\"wp-caption aligncenter\"><img loading=\"lazy\" decoding=\"async\" class=\"size-full wp-image-40848 lazyload\" src=\"data:image\/gif;base64,R0lGODlhAQABAAAAACH5BAEKAAEALAAAAAABAAEAAAICTAEAOw==\" alt=\"Jardines europeos \/ Foto v\u00eda Ferdi Susler\" width=\"700\" height=\"1029\" data-src=\"https:\/\/perfectvenue.eu\/wp-content\/uploads\/Jardines-europeos-_-Foto-via-Ferdi-Susler.jpg\"><figcaption id=\"caption-attachment-40848\" class=\"wp-caption-text\">Jardines de Boboli, Florencia \/ Foto v\u00eda Ferdi Susler<\/figcaption><\/figure>\n<h2 style=\"text-align: justify;\"><span style=\"font-weight: 400;\">Jardines de Sissinghurst, romanticismo ingl\u00e9s en estado puro<\/span><\/h2>\n<p style=\"text-align: justify;\"><span style=\"font-weight: 400;\">Sissinghurst es un jard\u00edn que se siente como una colecci\u00f3n de peque\u00f1as historias. Concebido como \u201chabitaciones verdes\u201d, cada espacio tiene su propio car\u00e1cter: desde el famoso jard\u00edn blanco hasta rincones llenos de rosas y lavandas.<\/span><\/p>\n<p style=\"text-align: justify;\"><span style=\"font-weight: 400;\">En primavera, los colores suaves y las flores delicadas crean una atm\u00f3sfera \u00edntima y po\u00e9tica. La mezcla de texturas, aromas y tonalidades convierte el recorrido en una experiencia profundamente sensorial, lo que ha consolidado a Sissinghurst como uno de los jardines europeos m\u00e1s rom\u00e1nticos y evocadores.<\/span><\/p>\n<p style=\"text-align: justify;\"><span style=\"font-weight: 400;\">Las vistas desde la torre permiten contemplar la extensi\u00f3n del jard\u00edn y el paisaje rural que lo rodea, uno de los momentos m\u00e1s emblem\u00e1ticos de la visita.<\/span><\/p>\n<h2 style=\"text-align: justify;\"><span style=\"font-weight: 400;\">Jardines de Mirabell, uno de los jardines europeos con m\u00e1s encanto barroco en Salzburgo<\/span><\/h2>\n<p style=\"text-align: justify;\"><span style=\"font-weight: 400;\">El dise\u00f1o geom\u00e9trico y las esculturas mitol\u00f3gicas definen los Jardines de Mirabell, un espacio donde el estilo barroco se expresa con claridad y elegancia. En primavera, los parterres llenos de color y las fuentes en movimiento crean un ambiente alegre y luminoso.<\/span><\/p>\n<p style=\"text-align: justify;\"><span style=\"font-weight: 400;\">Los senderos conducen a terrazas, setos recortados y estatuas cl\u00e1sicas que gu\u00edan la mirada y revelan la esencia de Salzburgo. Cada elemento parece pensado para sorprender.<\/span><\/p>\n<p style=\"text-align: justify;\"><span style=\"font-weight: 400;\">Por su parte, el ambiente tranquilo del jard\u00edn lo convierte en un lugar ideal para desconectar y disfrutar del paisaje urbano desde una perspectiva m\u00e1s serena.<\/span><\/p>\n<h2 style=\"text-align: justify;\"><span style=\"font-weight: 400;\">Jardines de La Granja, fuentes reales en Segovia<\/span><\/h2>\n<p style=\"text-align: justify;\"><span style=\"font-weight: 400;\">Las influencias de Versalles se perciben en cada rinc\u00f3n de los jardines de La Granja, donde avenidas arboladas, estanques y fuentes monumentales cobran especial protagonismo en primavera. La luz suave transforma el paseo en una experiencia majestuosa.<\/span><\/p>\n<p style=\"text-align: justify;\"><span style=\"font-weight: 400;\">Los juegos de agua, activados en fechas se\u00f1aladas, son uno de los grandes atractivos del lugar. Las fuentes mitol\u00f3gicas aportan riqueza art\u00edstica y simbolismo al recorrido, consolidando a La Granja como uno de los jardines europeos m\u00e1s impresionantes para visitar en esta estaci\u00f3n.<\/span><\/p>\n<p style=\"text-align: justify;\"><span style=\"font-weight: 400;\">En paralelo, los amplios espacios verdes, los caminos sombreados y las vistas hacia la sierra hacen de La Granja un destino perfecto para disfrutar de naturaleza e historia.<\/span><\/p>\n<h2 style=\"text-align: justify;\"><span style=\"font-weight: 400;\">Jardines de Hallerbos, uno de los jardines europeos m\u00e1s m\u00e1gicos de B\u00e9lgica<\/span><\/h2>\n<p style=\"text-align: justify;\"><span style=\"font-weight: 400;\">Hallerbos es un espect\u00e1culo natural que solo ocurre unas semanas al a\u00f1o. Un manto de jacintos azules cubre el suelo del bosque, creando un paisaje casi irreal donde la luz filtrada entre los \u00e1rboles intensifica los colores.<\/span><\/p>\n<p style=\"text-align: justify;\"><span style=\"font-weight: 400;\">El paseo por sus senderos permite disfrutar de un entorno silencioso, arom\u00e1tico y profundamente sensorial. La sensaci\u00f3n de caminar sobre una alfombra azul convierte la experiencia en algo \u00fanico.<\/span><\/p>\n<p style=\"text-align: justify;\"><span style=\"font-weight: 400;\">Adem\u00e1s, Hallerbos ofrece rutas se\u00f1alizadas y zonas tranquilas donde detenerse a contemplar el paisaje.<\/span><\/p>\n<figure id=\"attachment_40842\" aria-describedby=\"caption-attachment-40842\" style=\"width: 700px\" class=\"wp-caption aligncenter\"><img loading=\"lazy\" decoding=\"async\" class=\"size-full wp-image-40842 lazyload\" src=\"data:image\/gif;base64,R0lGODlhAQABAAAAACH5BAEKAAEALAAAAAABAAEAAAICTAEAOw==\" alt=\"Jardines europeos \/ Foto v\u00eda Pieter Jongenelen\" width=\"700\" height=\"466\" data-src=\"https:\/\/perfectvenue.eu\/wp-content\/uploads\/Jardines-europeos-_-Foto-via-Pieter-Jongenelen.jpg\"><figcaption id=\"caption-attachment-40842\" class=\"wp-caption-text\">Jardines de Hallerbos \/ Foto v\u00eda Pieter Jongenelen<\/figcaption><\/figure>\n<h2 style=\"text-align: justify;\"><span style=\"font-weight: 400;\">\u00bfNecesitas ayuda para organizar tu viaje? \u00a1Contacta con profesionales!<\/span><\/h2>\n<p style=\"text-align: justify;\"><span style=\"font-weight: 400;\">Si te ilusiona la idea de recorrer los jardines europeos de Europa esta primavera, pero no sabes por d\u00f3nde empezar, <\/span><a href=\"https:\/\/nataliaortizevents.com\/es\/\"><span style=\"font-weight: 400;\">Natalia Ortiz Events<\/span><\/a><span style=\"font-weight: 400;\"> puede acompa\u00f1arte en cada paso del camino. Desde seleccionar los jardines y destinos que mejor encajan con tu estilo hasta dise\u00f1ar un itinerario equilibrado, gestionar reservas y cuidar todos esos detalles que convierten un viaje en una experiencia realmente especial.<\/span><\/p>\n<p style=\"text-align: justify;\"><span style=\"font-weight: 400;\">Por eso, olv\u00eddate del estr\u00e9s y conf\u00eda en <\/span><a href=\"https:\/\/perfectvenue.eu\/es\/\"><span style=\"font-weight: 400;\">Perfect Venue<\/span><\/a><span style=\"font-weight: 400;\"> para disfrutar de una escapada pensada para vosotros dos, con calma, encanto y momentos que recordar\u00e9is siempre. La combinaci\u00f3n de paisajes florales, alojamientos con personalidad y una planificaci\u00f3n cuidada har\u00e1 que cada d\u00eda sea inolvidable.<\/span><\/p>\n<p style=\"text-align: justify;\"><span style=\"font-weight: 400;\">Y si quieres seguir inspir\u00e1ndote, puedes descubrir art\u00edculos como <\/span><a href=\"https:\/\/perfectvenue.eu\/es\/product\/pedida-de-mano-en-el-lago-di-como-entre-jardines-historicos-en-villa-melzi-deril\/\"><span style=\"font-weight: 400;\">\u201cpedida de mano en el Lago di Como entre jardines hist\u00f3ricos en Villa Melzi d\u2019Eril\u201d<\/span><\/a><span style=\"font-weight: 400;\">, perfecto para quienes sue\u00f1an con escenarios rom\u00e1nticos; <\/span><a href=\"https:\/\/perfectvenue.eu\/es\/2025\/12\/26\/luna-de-miel-en-crucero-por-europa-descubre-las-mejores-rutas\/\"><span style=\"font-weight: 400;\">\u201cluna de miel en crucero por Europa: descubre las mejores rutas\u201d<\/span><\/a><span style=\"font-weight: 400;\">, ideal para parejas que buscan aventura y comodidad; o <\/span><a href=\"https:\/\/perfectvenue.eu\/es\/2025\/12\/19\/mejores-ciudades-europeas-para-pedida-de-mano-te-las-contamos-todas\/\"><span style=\"font-weight: 400;\">\u201cmejores ciudades europeas para pedida de mano: \u00a1te las contamos todas!\u201d<\/span><\/a><span style=\"font-weight: 400;\">, una gu\u00eda encantadora para quienes desean un momento m\u00e1gico en el destino perfecto. \u00a1Te encantar\u00e1!<\/span><\/p>\n<p><\/p>\n<span class=\"tags-links\"><a href=\"https:\/\/perfectvenue.eu\/es\/tag\/los-jardines-europeos-mas-espectaculares-para-visitar-en-primavera-4\/\" rel=\"tag\">Jardines europeos<\/a><a href=\"https:\/\/perfectvenue.eu\/es\/tag\/los-jardines-europeos-mas-espectaculares-para-visitar-en-primavera-6\/\" rel=\"tag\">Jardines europeos 2026<\/a><a href=\"https:\/\/perfectvenue.eu\/es\/tag\/los-jardines-europeos-mas-espectaculares-para-visitar-en-primavera-8\/\" rel=\"tag\">Jardines europeos en primavera<\/a><\/span>","protected":false},"excerpt":{"rendered":"<p>Descubre los jardines europeos m\u00e1s espectaculares para visitar en primavera. Haz de tu escapada un momento m\u00e1gico tanto en pareja como con amigos.<\/p>\n","protected":false},"author":56301,"featured_media":40840,"comment_status":"open","ping_status":"open","sticky":false,"template":"","format":"standard","meta":{"_mo_disable_npp":"","footnotes":""},"categories":[3722],"tags":[3724,3726,3728],"class_list":["post-40838","post","type-post","status-publish","format-standard","has-post-thumbnail","hentry","category-lugares-para-visitar-en","tag-jardines-europeos-en","tag-jardines-europeos-2026-en","tag-jardines-europeos-en-primavera-en"],"_links":{"self":[{"href":"https:\/\/perfectvenue.eu\/es\/wp-json\/wp\/v2\/posts\/40838","targetHints":{"allow":["GET"]}}],"collection":[{"href":"https:\/\/perfectvenue.eu\/es\/wp-json\/wp\/v2\/posts"}],"about":[{"href":"https:\/\/perfectvenue.eu\/es\/wp-json\/wp\/v2\/types\/post"}],"author":[{"embeddable":true,"href":"https:\/\/perfectvenue.eu\/es\/wp-json\/wp\/v2\/users\/56301"}],"replies":[{"embeddable":true,"href":"https:\/\/perfectvenue.eu\/es\/wp-json\/wp\/v2\/comments?post=40838"}],"version-history":[{"count":1,"href":"https:\/\/perfectvenue.eu\/es\/wp-json\/wp\/v2\/posts\/40838\/revisions"}],"predecessor-version":[{"id":41665,"href":"https:\/\/perfectvenue.eu\/es\/wp-json\/wp\/v2\/posts\/40838\/revisions\/41665"}],"wp:featuredmedia":[{"embeddable":true,"href":"https:\/\/perfectvenue.eu\/es\/wp-json\/wp\/v2\/media\/40840"}],"wp:attachment":[{"href":"https:\/\/perfectvenue.eu\/es\/wp-json\/wp\/v2\/media?parent=40838"}],"wp:term":[{"taxonomy":"category","embeddable":true,"href":"https:\/\/perfectvenue.eu\/es\/wp-json\/wp\/v2\/categories?post=40838"},{"taxonomy":"post_tag","embeddable":true,"href":"https:\/\/perfectvenue.eu\/es\/wp-json\/wp\/v2\/tags?post=40838"}],"curies":[{"name":"wp","href":"https:\/\/api.w.org\/{rel}","templated":true}]}}