{"id":25448,"date":"2019-11-26T14:26:14","date_gmt":"2019-11-26T13:26:14","guid":{"rendered":"https:\/\/perfectvenue.eu\/?p=25448"},"modified":"2020-10-27T10:59:58","modified_gmt":"2020-10-27T09:59:58","slug":"an-unforgettable-destination-wedding-in-florence","status":"publish","type":"post","link":"https:\/\/perfectvenue.eu\/fr\/2019\/11\/26\/an-unforgettable-destination-wedding-in-florence\/","title":{"rendered":"Un mariage \u00e0 destination inoubliable \u00e0 Florence"},"content":{"rendered":"<p><\/p>\n<p style=\"text-align: justify;\"><span style=\"font-weight: 400;\">Que demander de plus qu\u2019avoir une vue panoramique sur Florence, ville incroyable tout en profitant de la gastronomie italienne ? Sapna et Taj, les deux mari\u00e9s, protagonistes de cette inspiration ont choisi la <\/span><span style=\"font-weight: 400;\">Villa La Vedetta pour c\u00e9l\u00e9brer leur <strong>mariage \u00e0 Florence<\/strong> afin de profiter de ses vues magnifiques. Un mariage qui \u00e9tant donn\u00e9 la beaut\u00e9 de la ville n\u2019a pas eu besoin de beaucoup de d\u00e9coration suppl\u00e9mentaire. <\/span><\/p>\n<p><span class=\"alignnone\"><img loading=\"lazy\" decoding=\"async\" class=\"alignnone wp-image-25452 size-full lazyload\" src=\"data:image\/gif;base64,R0lGODlhAQABAAAAACH5BAEKAAEALAAAAAABAAEAAAICTAEAOw==\" alt=\"\" width=\"850\" height=\"601\" sizes=\"auto, (max-width: 850px) 100vw, 850px\" data-src=\"https:\/\/perfectvenue.eu\/wp-content\/uploads\/boda-en-Florencia-3.jpg\" data-srcset=\"https:\/\/perfectvenue.eu\/wp-content\/uploads\/boda-en-Florencia-3.jpg 850w, https:\/\/perfectvenue.eu\/wp-content\/uploads\/boda-en-Florencia-3-600x424.jpg 600w, https:\/\/perfectvenue.eu\/wp-content\/uploads\/boda-en-Florencia-3-300x212.jpg 300w, https:\/\/perfectvenue.eu\/wp-content\/uploads\/boda-en-Florencia-3-768x543.jpg 768w, https:\/\/perfectvenue.eu\/wp-content\/uploads\/boda-en-Florencia-3-450x318.jpg 450w\"><\/span><\/p>\n<p><span class=\"alignnone\"><img loading=\"lazy\" decoding=\"async\" class=\"alignnone wp-image-25456 size-full lazyload\" src=\"data:image\/gif;base64,R0lGODlhAQABAAAAACH5BAEKAAEALAAAAAABAAEAAAICTAEAOw==\" alt=\"\" width=\"850\" height=\"601\" sizes=\"auto, (max-width: 850px) 100vw, 850px\" data-src=\"https:\/\/perfectvenue.eu\/wp-content\/uploads\/boda-en-Florencia-7.jpg\" data-srcset=\"https:\/\/perfectvenue.eu\/wp-content\/uploads\/boda-en-Florencia-7.jpg 850w, https:\/\/perfectvenue.eu\/wp-content\/uploads\/boda-en-Florencia-7-600x424.jpg 600w, https:\/\/perfectvenue.eu\/wp-content\/uploads\/boda-en-Florencia-7-300x212.jpg 300w, https:\/\/perfectvenue.eu\/wp-content\/uploads\/boda-en-Florencia-7-768x543.jpg 768w, https:\/\/perfectvenue.eu\/wp-content\/uploads\/boda-en-Florencia-7-450x318.jpg 450w\"><\/span><\/p>\n<p><span class=\"alignnone\"><img loading=\"lazy\" decoding=\"async\" class=\"alignnone wp-image-25470 size-full lazyload\" src=\"data:image\/gif;base64,R0lGODlhAQABAAAAACH5BAEKAAEALAAAAAABAAEAAAICTAEAOw==\" alt=\"\" width=\"850\" height=\"567\" sizes=\"auto, (max-width: 850px) 100vw, 850px\" data-src=\"https:\/\/perfectvenue.eu\/wp-content\/uploads\/boda-en-Florencia-21.jpg\" data-srcset=\"https:\/\/perfectvenue.eu\/wp-content\/uploads\/boda-en-Florencia-21.jpg 850w, https:\/\/perfectvenue.eu\/wp-content\/uploads\/boda-en-Florencia-21-600x400.jpg 600w, https:\/\/perfectvenue.eu\/wp-content\/uploads\/boda-en-Florencia-21-300x200.jpg 300w, https:\/\/perfectvenue.eu\/wp-content\/uploads\/boda-en-Florencia-21-768x512.jpg 768w, https:\/\/perfectvenue.eu\/wp-content\/uploads\/boda-en-Florencia-21-450x300.jpg 450w\"><\/span><\/p>\n<p><span class=\"alignnone\"><img loading=\"lazy\" decoding=\"async\" class=\"alignnone wp-image-25451 size-full lazyload\" src=\"data:image\/gif;base64,R0lGODlhAQABAAAAACH5BAEKAAEALAAAAAABAAEAAAICTAEAOw==\" alt=\"\" width=\"850\" height=\"601\" sizes=\"auto, (max-width: 850px) 100vw, 850px\" data-src=\"https:\/\/perfectvenue.eu\/wp-content\/uploads\/boda-en-Florencia-2.jpg\" data-srcset=\"https:\/\/perfectvenue.eu\/wp-content\/uploads\/boda-en-Florencia-2.jpg 850w, https:\/\/perfectvenue.eu\/wp-content\/uploads\/boda-en-Florencia-2-600x424.jpg 600w, https:\/\/perfectvenue.eu\/wp-content\/uploads\/boda-en-Florencia-2-300x212.jpg 300w, https:\/\/perfectvenue.eu\/wp-content\/uploads\/boda-en-Florencia-2-768x543.jpg 768w, https:\/\/perfectvenue.eu\/wp-content\/uploads\/boda-en-Florencia-2-450x318.jpg 450w\"><\/span><\/p>\n<h3 style=\"text-align: justify;\">Une magnifique robe personnalis\u00e9e<\/h3>\n<p style=\"text-align: justify;\"><span style=\"font-weight: 400;\">\u00a0<\/span><span style=\"font-weight: 400;\">La mari\u00e9e a choisi la robe de ses r\u00eaves qui fut con\u00e7ue par Sophia Tolli, un choix original et avant-gardiste apr\u00e8s avoir essay\u00e9 diverses cr\u00e9ations. Le costume du mari\u00e9 venait de Suit Supply, un joyau fait sur mesure et adapt\u00e9 \u00e0 ses go\u00fbts.<\/span><span style=\"font-weight: 400;\">\u00a0<\/span><\/p>\n<p><span class=\"alignnone\"><img loading=\"lazy\" decoding=\"async\" class=\"alignnone wp-image-25450 size-full lazyload\" src=\"data:image\/gif;base64,R0lGODlhAQABAAAAACH5BAEKAAEALAAAAAABAAEAAAICTAEAOw==\" alt=\"\" width=\"850\" height=\"601\" sizes=\"auto, (max-width: 850px) 100vw, 850px\" data-src=\"https:\/\/perfectvenue.eu\/wp-content\/uploads\/boda-en-Florencia-1.jpg\" data-srcset=\"https:\/\/perfectvenue.eu\/wp-content\/uploads\/boda-en-Florencia-1.jpg 850w, https:\/\/perfectvenue.eu\/wp-content\/uploads\/boda-en-Florencia-1-600x424.jpg 600w, https:\/\/perfectvenue.eu\/wp-content\/uploads\/boda-en-Florencia-1-300x212.jpg 300w, https:\/\/perfectvenue.eu\/wp-content\/uploads\/boda-en-Florencia-1-768x543.jpg 768w, https:\/\/perfectvenue.eu\/wp-content\/uploads\/boda-en-Florencia-1-450x318.jpg 450w\"><\/span><\/p>\n<p><span class=\"alignnone\"><img loading=\"lazy\" decoding=\"async\" class=\"alignnone wp-image-25455 size-full lazyload\" src=\"data:image\/gif;base64,R0lGODlhAQABAAAAACH5BAEKAAEALAAAAAABAAEAAAICTAEAOw==\" alt=\"\" width=\"850\" height=\"601\" sizes=\"auto, (max-width: 850px) 100vw, 850px\" data-src=\"https:\/\/perfectvenue.eu\/wp-content\/uploads\/boda-en-Florencia-6.jpg\" data-srcset=\"https:\/\/perfectvenue.eu\/wp-content\/uploads\/boda-en-Florencia-6.jpg 850w, https:\/\/perfectvenue.eu\/wp-content\/uploads\/boda-en-Florencia-6-600x424.jpg 600w, https:\/\/perfectvenue.eu\/wp-content\/uploads\/boda-en-Florencia-6-300x212.jpg 300w, https:\/\/perfectvenue.eu\/wp-content\/uploads\/boda-en-Florencia-6-768x543.jpg 768w, https:\/\/perfectvenue.eu\/wp-content\/uploads\/boda-en-Florencia-6-450x318.jpg 450w\"><\/span><\/p>\n<p><span class=\"alignnone\"><img loading=\"lazy\" decoding=\"async\" class=\"alignnone wp-image-25457 size-full lazyload\" src=\"data:image\/gif;base64,R0lGODlhAQABAAAAACH5BAEKAAEALAAAAAABAAEAAAICTAEAOw==\" alt=\"\" width=\"850\" height=\"601\" sizes=\"auto, (max-width: 850px) 100vw, 850px\" data-src=\"https:\/\/perfectvenue.eu\/wp-content\/uploads\/boda-en-Florencia-8.jpg\" data-srcset=\"https:\/\/perfectvenue.eu\/wp-content\/uploads\/boda-en-Florencia-8.jpg 850w, https:\/\/perfectvenue.eu\/wp-content\/uploads\/boda-en-Florencia-8-600x424.jpg 600w, https:\/\/perfectvenue.eu\/wp-content\/uploads\/boda-en-Florencia-8-300x212.jpg 300w, https:\/\/perfectvenue.eu\/wp-content\/uploads\/boda-en-Florencia-8-768x543.jpg 768w, https:\/\/perfectvenue.eu\/wp-content\/uploads\/boda-en-Florencia-8-450x318.jpg 450w\"><\/span><\/p>\n<h3 style=\"text-align: justify;\">Une journ\u00e9e romantique en Toscane<\/h3>\n<p style=\"text-align: justify;\"><span style=\"font-weight: 400;\">\u00a0<\/span><span style=\"font-weight: 400;\">Les deux amoureux ont choisi la ville La Vedette pour ses vues impressionnantes et ce lieu\u00a0<\/span><span style=\"font-weight: 400;\">r\u00e9v\u00e9lait en toute simplicit\u00e9 la beaut\u00e9 de la Toscane. De plus, son int\u00e9rieur poss\u00e8de assez de chambres pour que la famille autant que tous les amis proches du couple puissent y \u00eatre h\u00e9berg\u00e9s. Pour ce qui est de la d\u00e9coration, ils ont choisi une palette de couleurs douces et neutres, le tout accompagn\u00e9 d\u2019objets \u00e9l\u00e9gants.<\/span><\/p>\n<p><span class=\"alignnone\"><img loading=\"lazy\" decoding=\"async\" class=\"alignnone wp-image-25459 size-full lazyload\" src=\"data:image\/gif;base64,R0lGODlhAQABAAAAACH5BAEKAAEALAAAAAABAAEAAAICTAEAOw==\" alt=\"\" width=\"850\" height=\"601\" sizes=\"auto, (max-width: 850px) 100vw, 850px\" data-src=\"https:\/\/perfectvenue.eu\/wp-content\/uploads\/boda-en-Florencia-10.jpg\" data-srcset=\"https:\/\/perfectvenue.eu\/wp-content\/uploads\/boda-en-Florencia-10.jpg 850w, https:\/\/perfectvenue.eu\/wp-content\/uploads\/boda-en-Florencia-10-600x424.jpg 600w, https:\/\/perfectvenue.eu\/wp-content\/uploads\/boda-en-Florencia-10-300x212.jpg 300w, https:\/\/perfectvenue.eu\/wp-content\/uploads\/boda-en-Florencia-10-768x543.jpg 768w, https:\/\/perfectvenue.eu\/wp-content\/uploads\/boda-en-Florencia-10-450x318.jpg 450w\"><\/span><\/p>\n<p><span class=\"alignnone\"><img loading=\"lazy\" decoding=\"async\" class=\"alignnone wp-image-25460 size-full lazyload\" src=\"data:image\/gif;base64,R0lGODlhAQABAAAAACH5BAEKAAEALAAAAAABAAEAAAICTAEAOw==\" alt=\"\" width=\"850\" height=\"601\" sizes=\"auto, (max-width: 850px) 100vw, 850px\" data-src=\"https:\/\/perfectvenue.eu\/wp-content\/uploads\/boda-en-Florencia-11.jpg\" data-srcset=\"https:\/\/perfectvenue.eu\/wp-content\/uploads\/boda-en-Florencia-11.jpg 850w, https:\/\/perfectvenue.eu\/wp-content\/uploads\/boda-en-Florencia-11-600x424.jpg 600w, https:\/\/perfectvenue.eu\/wp-content\/uploads\/boda-en-Florencia-11-300x212.jpg 300w, https:\/\/perfectvenue.eu\/wp-content\/uploads\/boda-en-Florencia-11-768x543.jpg 768w, https:\/\/perfectvenue.eu\/wp-content\/uploads\/boda-en-Florencia-11-450x318.jpg 450w\"><\/span><\/p>\n<p><span class=\"alignnone\"><img loading=\"lazy\" decoding=\"async\" class=\"alignnone wp-image-25461 size-full lazyload\" src=\"data:image\/gif;base64,R0lGODlhAQABAAAAACH5BAEKAAEALAAAAAABAAEAAAICTAEAOw==\" alt=\"\" width=\"850\" height=\"601\" sizes=\"auto, (max-width: 850px) 100vw, 850px\" data-src=\"https:\/\/perfectvenue.eu\/wp-content\/uploads\/boda-en-Florencia-12.jpg\" data-srcset=\"https:\/\/perfectvenue.eu\/wp-content\/uploads\/boda-en-Florencia-12.jpg 850w, https:\/\/perfectvenue.eu\/wp-content\/uploads\/boda-en-Florencia-12-600x424.jpg 600w, https:\/\/perfectvenue.eu\/wp-content\/uploads\/boda-en-Florencia-12-300x212.jpg 300w, https:\/\/perfectvenue.eu\/wp-content\/uploads\/boda-en-Florencia-12-768x543.jpg 768w, https:\/\/perfectvenue.eu\/wp-content\/uploads\/boda-en-Florencia-12-450x318.jpg 450w\"><\/span><\/p>\n<p style=\"text-align: justify;\"><span style=\"font-weight: 400;\">L\u2019emplacement de la villa \u00e9tait aussi parfait pour les h\u00f4tes \u00e9tant donn\u00e9 qu\u2019elle se situait \u00e0 peu de distance du centre de la ville ce qui permettait \u00e0 tout le monde de faire un peu de tourisme avant la grande c\u00e9l\u00e9bration.\u00a0<\/span><\/p>\n<p><span class=\"alignnone\"><img loading=\"lazy\" decoding=\"async\" class=\"alignnone wp-image-25466 size-full lazyload\" src=\"data:image\/gif;base64,R0lGODlhAQABAAAAACH5BAEKAAEALAAAAAABAAEAAAICTAEAOw==\" alt=\"\" width=\"850\" height=\"601\" sizes=\"auto, (max-width: 850px) 100vw, 850px\" data-src=\"https:\/\/perfectvenue.eu\/wp-content\/uploads\/boda-en-Florencia-17.jpg\" data-srcset=\"https:\/\/perfectvenue.eu\/wp-content\/uploads\/boda-en-Florencia-17.jpg 850w, https:\/\/perfectvenue.eu\/wp-content\/uploads\/boda-en-Florencia-17-600x424.jpg 600w, https:\/\/perfectvenue.eu\/wp-content\/uploads\/boda-en-Florencia-17-300x212.jpg 300w, https:\/\/perfectvenue.eu\/wp-content\/uploads\/boda-en-Florencia-17-768x543.jpg 768w, https:\/\/perfectvenue.eu\/wp-content\/uploads\/boda-en-Florencia-17-450x318.jpg 450w\"><\/span><\/p>\n<p><span class=\"alignnone\"><img loading=\"lazy\" decoding=\"async\" class=\"alignnone wp-image-25471 size-full lazyload\" src=\"data:image\/gif;base64,R0lGODlhAQABAAAAACH5BAEKAAEALAAAAAABAAEAAAICTAEAOw==\" alt=\"\" width=\"850\" height=\"567\" sizes=\"auto, (max-width: 850px) 100vw, 850px\" data-src=\"https:\/\/perfectvenue.eu\/wp-content\/uploads\/boda-en-Florencia-22.jpg\" data-srcset=\"https:\/\/perfectvenue.eu\/wp-content\/uploads\/boda-en-Florencia-22.jpg 850w, https:\/\/perfectvenue.eu\/wp-content\/uploads\/boda-en-Florencia-22-600x400.jpg 600w, https:\/\/perfectvenue.eu\/wp-content\/uploads\/boda-en-Florencia-22-300x200.jpg 300w, https:\/\/perfectvenue.eu\/wp-content\/uploads\/boda-en-Florencia-22-768x512.jpg 768w, https:\/\/perfectvenue.eu\/wp-content\/uploads\/boda-en-Florencia-22-450x300.jpg 450w\"><\/span><\/p>\n<p><span class=\"alignnone\"><img loading=\"lazy\" decoding=\"async\" class=\"alignnone wp-image-25468 size-full lazyload\" src=\"data:image\/gif;base64,R0lGODlhAQABAAAAACH5BAEKAAEALAAAAAABAAEAAAICTAEAOw==\" alt=\"\" width=\"850\" height=\"567\" sizes=\"auto, (max-width: 850px) 100vw, 850px\" data-src=\"https:\/\/perfectvenue.eu\/wp-content\/uploads\/boda-en-Florencia-19.jpg\" data-srcset=\"https:\/\/perfectvenue.eu\/wp-content\/uploads\/boda-en-Florencia-19.jpg 850w, https:\/\/perfectvenue.eu\/wp-content\/uploads\/boda-en-Florencia-19-600x400.jpg 600w, https:\/\/perfectvenue.eu\/wp-content\/uploads\/boda-en-Florencia-19-300x200.jpg 300w, https:\/\/perfectvenue.eu\/wp-content\/uploads\/boda-en-Florencia-19-768x512.jpg 768w, https:\/\/perfectvenue.eu\/wp-content\/uploads\/boda-en-Florencia-19-450x300.jpg 450w\"><\/span><\/p>\n<p><span class=\"alignnone\"><img loading=\"lazy\" decoding=\"async\" class=\"alignnone wp-image-25463 size-full lazyload\" src=\"data:image\/gif;base64,R0lGODlhAQABAAAAACH5BAEKAAEALAAAAAABAAEAAAICTAEAOw==\" alt=\"\" width=\"850\" height=\"601\" sizes=\"auto, (max-width: 850px) 100vw, 850px\" data-src=\"https:\/\/perfectvenue.eu\/wp-content\/uploads\/boda-en-Florencia-14.jpg\" data-srcset=\"https:\/\/perfectvenue.eu\/wp-content\/uploads\/boda-en-Florencia-14.jpg 850w, https:\/\/perfectvenue.eu\/wp-content\/uploads\/boda-en-Florencia-14-600x424.jpg 600w, https:\/\/perfectvenue.eu\/wp-content\/uploads\/boda-en-Florencia-14-300x212.jpg 300w, https:\/\/perfectvenue.eu\/wp-content\/uploads\/boda-en-Florencia-14-768x543.jpg 768w, https:\/\/perfectvenue.eu\/wp-content\/uploads\/boda-en-Florencia-14-450x318.jpg 450w\"><\/span><\/p>\n<h3 style=\"text-align: justify;\"><span style=\"font-weight: 400;\">Le wedding planner team:<\/span><\/h3>\n<p style=\"text-align: justify;\"><span style=\"font-weight: 400;\">\u00a0<\/span><span style=\"font-weight: 400;\">Photographe:<\/span><a href=\"https:\/\/www.photosantucci.com\/\"><span style=\"font-weight: 400;\">Photo Santucci<\/span><\/a><span style=\"font-weight: 400;\">\/\/ Wedding planner: <\/span><a href=\"https:\/\/www.thetuscanwedding.com\/\"><span style=\"font-weight: 400;\">The Tuscan Wedding <\/span><\/a><span style=\"font-weight: 400;\">\/\/\u00a0 Lieu: <\/span><a href=\"http:\/\/www.villalavedettahotel.com\/en\/\"><span style=\"font-weight: 400;\">Villa La Vedetta<\/span><\/a><span style=\"font-weight: 400;\">\/\/Fleuriste: <\/span><a href=\"https:\/\/www.ilgiardinodellefate.it\/en\/\"><span style=\"font-weight: 400;\">Il Giardino delle Fate<\/span><\/a><span style=\"font-weight: 400;\">\/\/ Coiffure: <\/span><a href=\"https:\/\/www.carlobay.com\/\"><span style=\"font-weight: 400;\">Carlo Bay<\/span><\/a><span style=\"font-weight: 400;\">\/\/Robe de mari\u00e9e: <\/span><a href=\"http:\/\/instagram.com\/sophiatolli\"><span style=\"font-weight: 400;\">Sophia Tolli<\/span><\/a><\/p>\n<p><\/p>\n<span class=\"tags-links\"><a href=\"https:\/\/perfectvenue.eu\/fr\/tag\/boda-en-florencia\/\" rel=\"tag\">boda en Florencia<\/a><a href=\"https:\/\/perfectvenue.eu\/fr\/tag\/marriage-florence\/\" rel=\"tag\">marriage Florence<\/a><a href=\"https:\/\/perfectvenue.eu\/fr\/tag\/wedding-in-florence\/\" rel=\"tag\">wedding in Florence<\/a><a href=\"https:\/\/perfectvenue.eu\/fr\/tag\/wedding-in-italy\/\" rel=\"tag\">wedding in Italy<\/a><\/span>","protected":false},"excerpt":{"rendered":"<p>Que demander de plus qu\u2019avoir une vue panoramique sur Florence, ville incroyable tout en profitant de la gastronomie italienne ? Sapna et Taj, les deux mari\u00e9s, protagonistes de cette inspiration ont choisi la Villa La Vedetta pour c\u00e9l\u00e9brer leur mariage \u00e0 Florence afin de profiter de ses vues magnifiques. Un mariage qui \u00e9tant donn\u00e9 la [&hellip;]<\/p>\n","protected":false},"author":86,"featured_media":25472,"comment_status":"open","ping_status":"open","sticky":false,"template":"","format":"standard","meta":{"_mo_disable_npp":"","footnotes":""},"categories":[946,943,1613],"tags":[1370,1372,1369,670],"class_list":["post-25448","post","type-post","status-publish","format-standard","has-post-thumbnail","hentry","category-destination-castle-wedding","category-luxury-destination-wedding","category-real-weddings","tag-boda-en-florencia","tag-marriage-florence","tag-wedding-in-florence","tag-wedding-in-italy","post_region-italy"],"_links":{"self":[{"href":"https:\/\/perfectvenue.eu\/fr\/wp-json\/wp\/v2\/posts\/25448","targetHints":{"allow":["GET"]}}],"collection":[{"href":"https:\/\/perfectvenue.eu\/fr\/wp-json\/wp\/v2\/posts"}],"about":[{"href":"https:\/\/perfectvenue.eu\/fr\/wp-json\/wp\/v2\/types\/post"}],"author":[{"embeddable":true,"href":"https:\/\/perfectvenue.eu\/fr\/wp-json\/wp\/v2\/users\/86"}],"replies":[{"embeddable":true,"href":"https:\/\/perfectvenue.eu\/fr\/wp-json\/wp\/v2\/comments?post=25448"}],"version-history":[{"count":0,"href":"https:\/\/perfectvenue.eu\/fr\/wp-json\/wp\/v2\/posts\/25448\/revisions"}],"wp:featuredmedia":[{"embeddable":true,"href":"https:\/\/perfectvenue.eu\/fr\/wp-json\/wp\/v2\/media\/25472"}],"wp:attachment":[{"href":"https:\/\/perfectvenue.eu\/fr\/wp-json\/wp\/v2\/media?parent=25448"}],"wp:term":[{"taxonomy":"category","embeddable":true,"href":"https:\/\/perfectvenue.eu\/fr\/wp-json\/wp\/v2\/categories?post=25448"},{"taxonomy":"post_tag","embeddable":true,"href":"https:\/\/perfectvenue.eu\/fr\/wp-json\/wp\/v2\/tags?post=25448"}],"curies":[{"name":"wp","href":"https:\/\/api.w.org\/{rel}","templated":true}]}}