{"id":31041,"date":"2021-03-21T11:46:10","date_gmt":"2021-03-21T10:46:10","guid":{"rendered":"https:\/\/perfectvenue.eu\/?p=31041"},"modified":"2023-11-15T11:06:09","modified_gmt":"2023-11-15T10:06:09","slug":"weddings-and-covid-what-the-new-restrictions-mean","status":"publish","type":"post","link":"https:\/\/perfectvenue.eu\/fr\/2021\/03\/21\/weddings-and-covid-what-the-new-restrictions-mean\/","title":{"rendered":"Mariages et Covid : ce que signifient les nouvelles restrictions"},"content":{"rendered":"<p><\/p>\n<p style=\"text-align: justify;\"><span style=\"font-weight: 400;\">Apr\u00e8s l&rsquo;annonce faite par le gouvernement le 22 mars concernant la nouvelle feuille de route pour sortir du confinement, de nombreuses questions ont \u00e9t\u00e9 pos\u00e9es sur la date de retour \u00e0 la normale des mariages et sur la forme qu&rsquo;ils prendront pendant que les restrictions sont encore en place. Veuillez noter que toutes les informations contenues dans cet article, en particulier les dates, sont susceptibles d&rsquo;\u00eatre modifi\u00e9es en fonction des d\u00e9cisions du gouvernement.<\/span><\/p>\n<h2 style=\"text-align: justify;\">Que savons-nous \u00e0 l&rsquo;heure actuelle?<\/h2>\n<p style=\"text-align: justify;\"><span style=\"font-weight: 400;\">Les dates cl\u00e9s \u00e0 retenir sont les suivantes :<\/span><\/p>\n<ul style=\"text-align: justify;\">\n<li><span style=\"font-weight: 400;\">8 mars &#8211; C\u00e9r\u00e9monies avec un maximum de 6 invit\u00e9s<\/span><\/li>\n<li><span style=\"font-weight: 400;\">12 avril &#8211; Mariages avec r\u00e9ception jusqu&rsquo;\u00e0 15 invit\u00e9s<\/span><\/li>\n<li><span style=\"font-weight: 400;\">17 mai &#8211; Mariages avec r\u00e9ception jusqu&rsquo;\u00e0 30 invit\u00e9s<\/span><\/li>\n<li><span style=\"font-weight: 400;\">21 juin &#8211; Mariages sans restrictions<\/span><br style=\"font-weight: 400;\" \/><\/li>\n<\/ul>\n<p style=\"text-align: justify;\"><span style=\"font-weight: 400;\">\u00c0 l&rsquo;heure actuelle, nous savons que les c\u00e9r\u00e9monies pourront reprendre \u00e0 partir du 8 mars avec un maximum de six invit\u00e9s. Ce nombre inclut le couple, mais exclut tout le personnel travaillant sur l&rsquo;\u00e9v\u00e9nement. La c\u00e9r\u00e9monie peut se d\u00e9rouler dans un lieu autoris\u00e9 \u00e0 \u00eatre ouvert. Une ordonnance de maintien \u00e0 domicile restera en vigueur jusqu&rsquo;au 29 mars, de sorte que les mariages c\u00e9l\u00e9br\u00e9s avant cette date devraient \u00eatre une c\u00e9r\u00e9monie l\u00e9gale essentielle.<\/span><\/p>\n<p style=\"text-align: justify;\"><span style=\"font-weight: 400;\">\u00c0 partir du 17 mai, les mariages pourront \u00eatre c\u00e9l\u00e9br\u00e9s avec un maximum de 30 invit\u00e9s et donner lieu \u00e0 une r\u00e9ception, mais l\u00e0 encore, il s&rsquo;agira d&rsquo;un repas assis.<\/span><\/p>\n<p style=\"text-align: justify;\"><span style=\"font-weight: 400;\">\u00c0 partir du 21 juin, les mariages seront libres de toute restriction. Cela signifie qu&rsquo;il n&rsquo;y aura pas de limite au nombre d&rsquo;invit\u00e9s et que les contacts sociaux n&rsquo;auront pas de \u00ab\u00a0limites l\u00e9gales\u00a0\u00bb. Bien entendu, cette date est susceptible d&rsquo;\u00eatre modifi\u00e9e, mais nous nous attendons \u00e0 ce qu&rsquo;elle soit annonc\u00e9e au moins une semaine \u00e0 l&rsquo;avance.<\/span><\/p>\n<figure id=\"attachment_31104\" aria-describedby=\"caption-attachment-31104\" style=\"width: 700px\" class=\"wp-caption aligncenter\"><img loading=\"lazy\" decoding=\"async\" class=\"wp-image-31104 size-full lazyload\" src=\"data:image\/gif;base64,R0lGODlhAQABAAAAACH5BAEKAAEALAAAAAABAAEAAAICTAEAOw==\" alt=\"\" width=\"700\" height=\"476\" sizes=\"auto, (max-width: 700px) 100vw, 700px\" data-src=\"https:\/\/perfectvenue.eu\/wp-content\/uploads\/when-can-i-have-a-normal-wedding-covid-19-1.jpg\" data-srcset=\"https:\/\/perfectvenue.eu\/wp-content\/uploads\/when-can-i-have-a-normal-wedding-covid-19-1.jpg 700w, https:\/\/perfectvenue.eu\/wp-content\/uploads\/when-can-i-have-a-normal-wedding-covid-19-1-600x408.jpg 600w, https:\/\/perfectvenue.eu\/wp-content\/uploads\/when-can-i-have-a-normal-wedding-covid-19-1-300x204.jpg 300w, https:\/\/perfectvenue.eu\/wp-content\/uploads\/when-can-i-have-a-normal-wedding-covid-19-1-450x306.jpg 450w\"><figcaption id=\"caption-attachment-31104\" class=\"wp-caption-text\">Photo Via Emma Jane<\/figcaption><\/figure>\n<h2 style=\"text-align: justify;\">Qui est inclus dans les nombres restreints?<\/h2>\n<p style=\"text-align: justify;\">Des orientations et des d\u00e9tails doivent encore \u00eatre publi\u00e9s \u00e0 ce sujet. Toutefois, \u00e0 la suite des restrictions impos\u00e9es aux mariages \u00e0 partir de l&rsquo;\u00e9t\u00e9 2020, on peut s&rsquo;attendre \u00e0 ce que le groupe de mariage et les enfants soient inclus dans ce nombre. En revanche, le personnel et les fournisseurs pr\u00e9sents lors de l&rsquo;\u00e9v\u00e9nement ne seront pas inclus dans ce nombre.<\/p>\n<h2 style=\"text-align: justify;\">Les r\u00e9ceptions sont-elles autoris\u00e9es?<\/h2>\n<p style=\"text-align: justify;\">Les orientations gouvernementales actuelles indiquent que les r\u00e9ceptions sont autoris\u00e9es pour les mariages de 15 et 30 invit\u00e9s, mais ne donnent pas plus de d\u00e9tails. Si l&rsquo;on se r\u00e9f\u00e8re \u00e0 l&rsquo;ann\u00e9e derni\u00e8re, cela signifie que vous pouvez organiser un petit-d\u00e9jeuner de mariage ou un repas assis, tout en respectant les mesures d&rsquo;\u00e9loignement social.<\/p>\n<p style=\"text-align: justify;\">Pour l&rsquo;instant, les r\u00e9ceptions peuvent se poursuivre normalement \u00e0 partir du 21 juin.<\/p>\n<p style=\"text-align: justify;\"><img loading=\"lazy\" decoding=\"async\" class=\"wp-image-31106 size-full lazyload\" style=\"font-weight: bold; text-align: center; font-family: inherit; font-size: inherit;\" src=\"data:image\/gif;base64,R0lGODlhAQABAAAAACH5BAEKAAEALAAAAAABAAEAAAICTAEAOw==\" alt=\"\" width=\"700\" height=\"468\" data-src=\"https:\/\/perfectvenue.eu\/wp-content\/uploads\/when-can-i-have-a-normal-wedding-covid-19-1.jpg4_-1.jpg\"><\/p>\n<p>Photo Via Emma Jane<\/p>\n<h2 style=\"text-align: justify;\">Qu&rsquo;est-ce qu&rsquo;un mariage sans restrictions?<\/h2>\n<p style=\"text-align: justify;\">\u00c0 l&rsquo;heure actuelle, il n&rsquo;y a pas de d\u00e9tails publi\u00e9s sur ce que signifie \u00ab\u00a0sans restrictions\u00a0\u00bb lors d&rsquo;un mariage, mais les lois et les r\u00e8gles concernant les contacts sociaux devraient \u00eatre lev\u00e9es en m\u00eame temps, ce qui signifie que vous devriez pouvoir \u00e0 nouveau prononcer des discours, danser et chanter si vous le d\u00e9cidez.<\/p>\n<figure id=\"attachment_31105\" aria-describedby=\"caption-attachment-31105\" style=\"width: 700px\" class=\"wp-caption aligncenter\"><img loading=\"lazy\" decoding=\"async\" class=\"wp-image-31105 size-full lazyload\" src=\"data:image\/gif;base64,R0lGODlhAQABAAAAACH5BAEKAAEALAAAAAABAAEAAAICTAEAOw==\" alt=\"\" width=\"700\" height=\"467\" sizes=\"auto, (max-width: 700px) 100vw, 700px\" data-src=\"https:\/\/perfectvenue.eu\/wp-content\/uploads\/when-can-i-have-a-normal-wedding-covid-19-1.jpg2_-1.jpg\" data-srcset=\"https:\/\/perfectvenue.eu\/wp-content\/uploads\/when-can-i-have-a-normal-wedding-covid-19-1.jpg2_-1.jpg 700w, https:\/\/perfectvenue.eu\/wp-content\/uploads\/when-can-i-have-a-normal-wedding-covid-19-1.jpg2_-1-600x400.jpg 600w, https:\/\/perfectvenue.eu\/wp-content\/uploads\/when-can-i-have-a-normal-wedding-covid-19-1.jpg2_-1-300x200.jpg 300w, https:\/\/perfectvenue.eu\/wp-content\/uploads\/when-can-i-have-a-normal-wedding-covid-19-1.jpg2_-1-450x300.jpg 450w\"><figcaption id=\"caption-attachment-31105\" class=\"wp-caption-text\">Photo Via Nick Church<\/figcaption><\/figure>\n<h2 style=\"text-align: justify;\">Augmenteront-ils le nombre d&rsquo;invit\u00e9s?<\/h2>\n<p style=\"text-align: justify;\">L&rsquo;annonce de la reprise des mariages avec un nombre d&rsquo;invit\u00e9s aussi bas a \u00e9t\u00e9 pour le moins d\u00e9cevante. La task-force sur les mariages au Royaume-Uni a travaill\u00e9 d&rsquo;arrache-pied pour demander que ce nombre soit port\u00e9 \u00e0 50. Cependant, tout ce que nous pouvons faire pour l&rsquo;instant, c&rsquo;est attendre avec impatience les mariages sans restrictions de l&rsquo;\u00e9t\u00e9.<\/p>\n<figure id=\"attachment_31110\" aria-describedby=\"caption-attachment-31110\" style=\"width: 700px\" class=\"wp-caption aligncenter\"><img loading=\"lazy\" decoding=\"async\" class=\"wp-image-31110 size-full lazyload\" src=\"data:image\/gif;base64,R0lGODlhAQABAAAAACH5BAEKAAEALAAAAAABAAEAAAICTAEAOw==\" alt=\"\" width=\"700\" height=\"468\" sizes=\"auto, (max-width: 700px) 100vw, 700px\" data-src=\"https:\/\/perfectvenue.eu\/wp-content\/uploads\/when-can-i-have-a-normal-wedding-covid-19-1.jpg5_-1.jpg\" data-srcset=\"https:\/\/perfectvenue.eu\/wp-content\/uploads\/when-can-i-have-a-normal-wedding-covid-19-1.jpg5_-1.jpg 700w, https:\/\/perfectvenue.eu\/wp-content\/uploads\/when-can-i-have-a-normal-wedding-covid-19-1.jpg5_-1-600x401.jpg 600w, https:\/\/perfectvenue.eu\/wp-content\/uploads\/when-can-i-have-a-normal-wedding-covid-19-1.jpg5_-1-300x201.jpg 300w, https:\/\/perfectvenue.eu\/wp-content\/uploads\/when-can-i-have-a-normal-wedding-covid-19-1.jpg5_-1-450x301.jpg 450w\"><figcaption id=\"caption-attachment-31110\" class=\"wp-caption-text\">Photo Via Emma Jane<\/figcaption><\/figure>\n<h2 style=\"text-align: justify;\">Que se passe-t-il si le lieu de votre mariage n&rsquo;est pas autoris\u00e9 \u00e0 \u00eatre ouvert lorsque les mariages sont autoris\u00e9s ?<\/h2>\n<p style=\"text-align: justify;\">De nombreux couples r\u00e9serveront leur mariage dans des h\u00f4tels et des restaurants, ou dans tout autre lieu dont la date d&rsquo;ouverture est plus tardive. Par exemple, l&rsquo;accueil en salle ne peut pas reprendre avant le 17 mai, mais les mariages de 15 personnes peuvent reprendre \u00e0 partir du 12 avril. Dans de telles situations, le meilleur conseil que nous puissions vous donner est de contacter directement le lieu de r\u00e9ception et de suivre les conseils de la Taskforce, qui assurera la liaison avec le gouvernement sur ces questions.<\/p>\n<h2 style=\"text-align: justify;\">Les mariages seront-ils soumis \u00e0 un test de d\u00e9bit lat\u00e9ral ?<\/h2>\n<p style=\"text-align: justify;\">Pour l&rsquo;instant, nous n&rsquo;en savons rien. Le groupe de travail britannique sur les mariages \u00e9tudiait la possibilit\u00e9 d&rsquo;utiliser le test du flux lat\u00e9ral lors des mariages afin de garantir la s\u00e9curit\u00e9 de tous les invit\u00e9s, mais cela ne faisait pas partie de la feuille de route annonc\u00e9e le 22.<\/p>\n<figure id=\"attachment_31109\" aria-describedby=\"caption-attachment-31109\" style=\"width: 700px\" class=\"wp-caption aligncenter\"><img loading=\"lazy\" decoding=\"async\" class=\"wp-image-31109 size-full lazyload\" src=\"data:image\/gif;base64,R0lGODlhAQABAAAAACH5BAEKAAEALAAAAAABAAEAAAICTAEAOw==\" alt=\"\" width=\"700\" height=\"467\" sizes=\"auto, (max-width: 700px) 100vw, 700px\" data-src=\"https:\/\/perfectvenue.eu\/wp-content\/uploads\/when-can-i-have-a-normal-wedding-covid-19-1.jpg3_-1.jpg\" data-srcset=\"https:\/\/perfectvenue.eu\/wp-content\/uploads\/when-can-i-have-a-normal-wedding-covid-19-1.jpg3_-1.jpg 700w, https:\/\/perfectvenue.eu\/wp-content\/uploads\/when-can-i-have-a-normal-wedding-covid-19-1.jpg3_-1-600x400.jpg 600w, https:\/\/perfectvenue.eu\/wp-content\/uploads\/when-can-i-have-a-normal-wedding-covid-19-1.jpg3_-1-300x200.jpg 300w, https:\/\/perfectvenue.eu\/wp-content\/uploads\/when-can-i-have-a-normal-wedding-covid-19-1.jpg3_-1-450x300.jpg 450w\"><figcaption id=\"caption-attachment-31109\" class=\"wp-caption-text\">Photo Via Nick Church<\/figcaption><\/figure>\n<h2 style=\"text-align: justify;\">Qu&rsquo;en est-il des mariages en plein air et des \u00e9v\u00e9nements organis\u00e9s sur des terrains priv\u00e9s ?<\/h2>\n<p style=\"text-align: justify;\">L\u00e0 encore, nous attendons la publication d&rsquo;autres informations qui permettront de r\u00e9pondre \u00e0 ces questions. Nous savons actuellement que les activit\u00e9s d&rsquo;accueil en plein air reprendront plus t\u00f4t, car le virus est moins transmissible \u00e0 l&rsquo;ext\u00e9rieur, mais nous attendons encore des pr\u00e9cisions sur l&rsquo;impact de cette mesure sur les mariages.<\/p>\n<figure id=\"attachment_31108\" aria-describedby=\"caption-attachment-31108\" style=\"width: 700px\" class=\"wp-caption aligncenter\"><img loading=\"lazy\" decoding=\"async\" class=\"wp-image-31108 size-full lazyload\" src=\"data:image\/gif;base64,R0lGODlhAQABAAAAACH5BAEKAAEALAAAAAABAAEAAAICTAEAOw==\" alt=\"\" width=\"700\" height=\"467\" sizes=\"auto, (max-width: 700px) 100vw, 700px\" data-src=\"https:\/\/perfectvenue.eu\/wp-content\/uploads\/when-can-i-have-a-normal-wedding-covid-19-1.jpg7_-1.jpg\" data-srcset=\"https:\/\/perfectvenue.eu\/wp-content\/uploads\/when-can-i-have-a-normal-wedding-covid-19-1.jpg7_-1.jpg 700w, https:\/\/perfectvenue.eu\/wp-content\/uploads\/when-can-i-have-a-normal-wedding-covid-19-1.jpg7_-1-600x400.jpg 600w, https:\/\/perfectvenue.eu\/wp-content\/uploads\/when-can-i-have-a-normal-wedding-covid-19-1.jpg7_-1-300x200.jpg 300w, https:\/\/perfectvenue.eu\/wp-content\/uploads\/when-can-i-have-a-normal-wedding-covid-19-1.jpg7_-1-450x300.jpg 450w\"><figcaption id=\"caption-attachment-31108\" class=\"wp-caption-text\">Photo Via Nick Church<\/figcaption><\/figure>\n<h2 style=\"text-align: justify;\">Quel sera l&rsquo;impact des restrictions sur les visites de lieux de mariage, les essayages de robes et les magasins de v\u00eatements de mari\u00e9e ?<\/h2>\n<p style=\"text-align: justify;\">Actuellement, les magasins de v\u00eatements de mariage sont consid\u00e9r\u00e9s comme des commerces de d\u00e9tail non essentiels et peuvent donc rouvrir le 12 avril. Nous sommes conscients que cela semble injuste, car ces magasins ne proposent g\u00e9n\u00e9ralement que des rendez-vous et les couples auront besoin de tenues de mariage avant la date du 12 avril. Il semble \u00e9galement que les visites de lieux de r\u00e9ception ne pourront pas reprendre avant le 17 mai.<\/p>\n<h2 style=\"text-align: justify;\">Comment les restrictions affectent-elles les mariages culturels ?<\/h2>\n<p style=\"text-align: justify;\">En 2020, les c\u00e9r\u00e9monies l\u00e9gales et religieuses ont pu avoir lieu, et nous nous attendons \u00e0 ce qu&rsquo;il en soit de m\u00eame cette ann\u00e9e. Les mariages culturels qui r\u00e9unissent un grand nombre d&rsquo;invit\u00e9s et de personnes pourront avoir lieu \u00e0 partir du 21 juin.<\/p>\n<figure id=\"attachment_31111\" aria-describedby=\"caption-attachment-31111\" style=\"width: 700px\" class=\"wp-caption aligncenter\"><img loading=\"lazy\" decoding=\"async\" class=\"wp-image-31111 size-full lazyload\" src=\"data:image\/gif;base64,R0lGODlhAQABAAAAACH5BAEKAAEALAAAAAABAAEAAAICTAEAOw==\" alt=\"\" width=\"700\" height=\"467\" sizes=\"auto, (max-width: 700px) 100vw, 700px\" data-src=\"https:\/\/perfectvenue.eu\/wp-content\/uploads\/when-can-i-have-a-normal-wedding-covid-19-1.jpg8_-1.jpg\" data-srcset=\"https:\/\/perfectvenue.eu\/wp-content\/uploads\/when-can-i-have-a-normal-wedding-covid-19-1.jpg8_-1.jpg 700w, https:\/\/perfectvenue.eu\/wp-content\/uploads\/when-can-i-have-a-normal-wedding-covid-19-1.jpg8_-1-600x400.jpg 600w, https:\/\/perfectvenue.eu\/wp-content\/uploads\/when-can-i-have-a-normal-wedding-covid-19-1.jpg8_-1-300x200.jpg 300w, https:\/\/perfectvenue.eu\/wp-content\/uploads\/when-can-i-have-a-normal-wedding-covid-19-1.jpg8_-1-450x300.jpg 450w\"><figcaption id=\"caption-attachment-31111\" class=\"wp-caption-text\">Photo Via Zohaib Ali<\/figcaption><\/figure>\n<h3 style=\"text-align: justify;\">Credits<\/h3>\n<p style=\"text-align: justify;\">Photographe: <a href=\"http:\/\/www.zohaibali.co.uk\/weddingsgallery\">Zohaib Ali<\/a> \/\/ Photographe: <a href=\"https:\/\/www.emma-janephotography.co.uk\">Emma Jane Photography<\/a>\u00a0\/\/ Photographe: <a href=\"https:\/\/www.nickchurchphotography.co.uk\/portfolio\">Nick Church<\/a><\/p>\n<p><\/p>\n<span class=\"tags-links\"><a href=\"https:\/\/perfectvenue.eu\/fr\/tag\/2021-weddings\/\" rel=\"tag\">2021 weddings<\/a><a href=\"https:\/\/perfectvenue.eu\/fr\/tag\/boda\/\" rel=\"tag\">boda<\/a><a href=\"https:\/\/perfectvenue.eu\/fr\/tag\/boda-covid\/\" rel=\"tag\">boda covid<\/a><a href=\"https:\/\/perfectvenue.eu\/fr\/tag\/bodas-2021\/\" rel=\"tag\">bodas 2021<\/a><a href=\"https:\/\/perfectvenue.eu\/fr\/tag\/covid-wedding\/\" rel=\"tag\">Covid wedding<\/a><a href=\"https:\/\/perfectvenue.eu\/fr\/tag\/covid-19\/\" rel=\"tag\">COVID-19<\/a><a href=\"https:\/\/perfectvenue.eu\/fr\/tag\/restricciones\/\" rel=\"tag\">restricciones<\/a><a href=\"https:\/\/perfectvenue.eu\/fr\/tag\/wedding-guidance\/\" rel=\"tag\">wedding guidance<\/a><a href=\"https:\/\/perfectvenue.eu\/fr\/tag\/weddings\/\" rel=\"tag\">weddings<\/a><a href=\"https:\/\/perfectvenue.eu\/fr\/tag\/weddings-during-covid\/\" rel=\"tag\">weddings during covid<\/a><\/span>","protected":false},"excerpt":{"rendered":"<p>Suite \u00e0 l&rsquo;annonce du gouvernement le 22 f\u00e9vrier, les mariages pourront reprendre \u00e0 partir du 8 mars &#8211; lisez cet article pour tous les d\u00e9tails.<\/p>\n","protected":false},"author":10012,"featured_media":31106,"comment_status":"open","ping_status":"open","sticky":false,"template":"","format":"standard","meta":{"_mo_disable_npp":"","footnotes":""},"categories":[176],"tags":[2449,676,2550,2548,2313,1490,2582,2450,865,1799],"class_list":["post-31041","post","type-post","status-publish","format-standard","has-post-thumbnail","hentry","category-wedding","tag-2021-weddings","tag-boda","tag-boda-covid","tag-bodas-2021","tag-covid-wedding","tag-covid-19","tag-restricciones","tag-wedding-guidance","tag-weddings","tag-weddings-during-covid"],"_links":{"self":[{"href":"https:\/\/perfectvenue.eu\/fr\/wp-json\/wp\/v2\/posts\/31041","targetHints":{"allow":["GET"]}}],"collection":[{"href":"https:\/\/perfectvenue.eu\/fr\/wp-json\/wp\/v2\/posts"}],"about":[{"href":"https:\/\/perfectvenue.eu\/fr\/wp-json\/wp\/v2\/types\/post"}],"author":[{"embeddable":true,"href":"https:\/\/perfectvenue.eu\/fr\/wp-json\/wp\/v2\/users\/10012"}],"replies":[{"embeddable":true,"href":"https:\/\/perfectvenue.eu\/fr\/wp-json\/wp\/v2\/comments?post=31041"}],"version-history":[{"count":0,"href":"https:\/\/perfectvenue.eu\/fr\/wp-json\/wp\/v2\/posts\/31041\/revisions"}],"wp:featuredmedia":[{"embeddable":true,"href":"https:\/\/perfectvenue.eu\/fr\/wp-json\/wp\/v2\/media\/31106"}],"wp:attachment":[{"href":"https:\/\/perfectvenue.eu\/fr\/wp-json\/wp\/v2\/media?parent=31041"}],"wp:term":[{"taxonomy":"category","embeddable":true,"href":"https:\/\/perfectvenue.eu\/fr\/wp-json\/wp\/v2\/categories?post=31041"},{"taxonomy":"post_tag","embeddable":true,"href":"https:\/\/perfectvenue.eu\/fr\/wp-json\/wp\/v2\/tags?post=31041"}],"curies":[{"name":"wp","href":"https:\/\/api.w.org\/{rel}","templated":true}]}}