{"id":32785,"date":"2022-10-19T12:17:00","date_gmt":"2022-10-19T11:17:00","guid":{"rendered":"https:\/\/perfectvenue.eu\/?p=32785"},"modified":"2023-11-03T10:51:04","modified_gmt":"2023-11-03T09:51:04","slug":"20-espacios-donde-una-celebracion-boda-segovia-ensueno","status":"publish","type":"post","link":"https:\/\/perfectvenue.eu\/fr\/2022\/10\/19\/20-espacios-donde-una-celebracion-boda-segovia-ensueno\/","title":{"rendered":"20 lieux pour un mariage de r\u00eave \u00e0 S\u00e9govie."},"content":{"rendered":"<p><\/p>\n<p style=\"text-align: justify;\">Aujourd&rsquo;hui, nous vous recommandons un lieu plein de magie et d&rsquo;histoire : S\u00e9govie. Ses charmes, son climat et le grand nombre d&rsquo;espaces o\u00f9 dire \u00ab\u00a0je le veux\u00a0\u00bb ont attir\u00e9 de nombreux couples dans cette province. Que vous souhaitiez vivre votre propre conte de f\u00e9es ou que vous cherchiez simplement l&rsquo;endroit id\u00e9al pour c\u00e9l\u00e9brer votre mariage, voici quelques fincas hautement recommand\u00e9es qui sont parfaites pour <strong>les mariages \u00e0 S\u00e9govie.<\/strong><\/p>\n<p style=\"text-align: justify;\">En outre, les fincas de mariage proposent deux des meilleures sp\u00e9cialit\u00e9s culinaires d&rsquo;Espagne, l&rsquo;agneau de lait et le cochon de lait r\u00f4tis dans le four \u00e0 bois traditionnel. Parmi les autres plats principaux, citons la truite de S\u00e9govie, les perdrix \u00e0 la s\u00e9govienne, les champignons et le lapin.<\/p>\n<h3 style=\"text-align: justify;\"><span style=\"font-weight: 400;\">Los Claustros de Ayll\u00f3n<\/span><\/h3>\n<figure id=\"attachment_32066\" aria-describedby=\"caption-attachment-32066\" style=\"width: 700px\" class=\"wp-caption aligncenter\"><img loading=\"lazy\" decoding=\"async\" class=\"size-full wp-image-32066 lazyload\" src=\"data:image\/gif;base64,R0lGODlhAQABAAAAACH5BAEKAAEALAAAAAABAAEAAAICTAEAOw==\" alt=\"Los Claustros de Ayll\u00f3n\" width=\"700\" height=\"498\" sizes=\"auto, (max-width: 700px) 100vw, 700px\" data-src=\"https:\/\/perfectvenue.eu\/wp-content\/uploads\/LOS_CLAUSTROS_DE_AYLL\u00d3N1.jpg\" data-srcset=\"https:\/\/perfectvenue.eu\/wp-content\/uploads\/LOS_CLAUSTROS_DE_AYLL\u00d3N1.jpg 700w, https:\/\/perfectvenue.eu\/wp-content\/uploads\/LOS_CLAUSTROS_DE_AYLL\u00d3N1-300x213.jpg 300w, https:\/\/perfectvenue.eu\/wp-content\/uploads\/LOS_CLAUSTROS_DE_AYLL\u00d3N1-450x320.jpg 450w, https:\/\/perfectvenue.eu\/wp-content\/uploads\/LOS_CLAUSTROS_DE_AYLL\u00d3N1-600x427.jpg 600w\"><figcaption id=\"caption-attachment-32066\" class=\"wp-caption-text\">Los Claustros de Ayll\u00f3n<\/figcaption><\/figure>\n<p style=\"text-align: justify;\">Il s&rsquo;agit de l&rsquo;un des domaines les plus uniques et les plus exclusifs de S\u00e9govie, qui s&rsquo;\u00e9tend sur une superficie de 35 000 m\u00b2. Vous pourrez c\u00e9l\u00e9brer votre mariage dans un cadre sp\u00e9cial avec plus de 800 ans d&rsquo;histoire o\u00f9 vous aurez un endroit pour chaque moment. Une c\u00e9r\u00e9monie civile dans les ruines de l&rsquo;\u00e9glise, un banquet dans la salle en verre ou un cocktail dans l&rsquo;\u00e9tang naturel. L&rsquo;h\u00f4tel dispose de 19 chambres exclusives. La cuisine est pr\u00e9par\u00e9e par Vatelia Catering, qui a plus de 10 ans d&rsquo;exp\u00e9rience dans ce domaine. Dans les clo\u00eetres se trouvent les ruines de l&rsquo;ancien couvent franciscain, qui ont \u00e9t\u00e9 soigneusement restaur\u00e9es et conserv\u00e9es dans leur aspect d&rsquo;origine. Il dispose \u00e9galement d&rsquo;un espace naturel rempli de jardins et d&rsquo;espaces verts. Il se trouve \u00e0 126 km de l&rsquo;a\u00e9roport de Madrid et \u00e0 98 km du centre de S\u00e9govie.<\/p>\n<p style=\"text-align: justify;\">Prix du menu : \u00e0 partir de 141\u20ac.<\/p>\n<h3 style=\"text-align: justify;\"><span style=\"font-weight: 400;\">Caser\u00edo de Lobones<\/span><\/h3>\n<figure id=\"attachment_32787\" aria-describedby=\"caption-attachment-32787\" style=\"width: 695px\" class=\"wp-caption aligncenter\"><img loading=\"lazy\" decoding=\"async\" class=\"wp-image-32787 size-full lazyload\" src=\"data:image\/gif;base64,R0lGODlhAQABAAAAACH5BAEKAAEALAAAAAABAAEAAAICTAEAOw==\" alt=\"Caser\u00edo de Lobones - Perfect Venue\" width=\"695\" height=\"429\" sizes=\"auto, (max-width: 695px) 100vw, 695px\" data-src=\"https:\/\/perfectvenue.eu\/wp-content\/uploads\/Caser\u00edo-de-Lobones.jpg\" data-srcset=\"https:\/\/perfectvenue.eu\/wp-content\/uploads\/Caser\u00edo-de-Lobones.jpg 695w, https:\/\/perfectvenue.eu\/wp-content\/uploads\/Caser\u00edo-de-Lobones-300x185.jpg 300w, https:\/\/perfectvenue.eu\/wp-content\/uploads\/Caser\u00edo-de-Lobones-450x278.jpg 450w, https:\/\/perfectvenue.eu\/wp-content\/uploads\/Caser\u00edo-de-Lobones-600x370.jpg 600w\"><figcaption id=\"caption-attachment-32787\" class=\"wp-caption-text\">Caser\u00edo de Lobones<\/figcaption><\/figure>\n<p style=\"text-align: justify;\">Cette magnifique ferme du XVIIe si\u00e8cle est situ\u00e9e en pleine nature et b\u00e9n\u00e9ficie d&rsquo;un emplacement privil\u00e9gi\u00e9, \u00e0 seulement 9 km de S\u00e9govie et 90 km de Madrid. En outre, le domaine est class\u00e9 Posada Real, la plus haute qualification d\u00e9cern\u00e9e par la Junta de Castilla y Le\u00f3n pour r\u00e9pondre aux normes touristiques d&rsquo;un \u00e9tablissement h\u00f4telier. Il dispose de multiples espaces multifonctionnels, tant \u00e0 l&rsquo;ext\u00e9rieur qu&rsquo;\u00e0 l&rsquo;int\u00e9rieur, ainsi que d&rsquo;un h\u00f4tel exclusif pour les clients, d&rsquo;un jardin principal, d&rsquo;une salle d&rsquo;une capacit\u00e9 de 270 personnes, d&rsquo;espaces ext\u00e9rieurs et d&rsquo;un grand parking. Ils ont une grande exp\u00e9rience dans l&rsquo;organisation de mariages et, outre la gestion int\u00e9grale des \u00e9v\u00e9nements, ils vous aident \u00e0 les personnaliser \u00e0 votre guise, en apportant des id\u00e9es, en \u00e9coutant vos propositions et en promouvant des initiatives d&rsquo;am\u00e9lioration. Ils offrent \u00e9galement d&rsquo;autres services tels que la c\u00e9l\u00e9bration de c\u00e9r\u00e9monies civiles, une chapelle dans la propri\u00e9t\u00e9, des majordomes et un service de transport.<\/p>\n<p style=\"text-align: justify;\">Loyer : \u00e0 partir de 4.840\u20ac.<\/p>\n<h3 style=\"text-align: justify;\"><span style=\"font-weight: 400;\">Finca los Jazmines<\/span><\/h3>\n<figure id=\"attachment_32788\" aria-describedby=\"caption-attachment-32788\" style=\"width: 977px\" class=\"wp-caption aligncenter\"><img loading=\"lazy\" decoding=\"async\" class=\"wp-image-32788 size-full lazyload\" src=\"data:image\/gif;base64,R0lGODlhAQABAAAAACH5BAEKAAEALAAAAAABAAEAAAICTAEAOw==\" alt=\"Finca los Jazmines - Perfect Venue\" width=\"977\" height=\"616\" sizes=\"auto, (max-width: 977px) 100vw, 977px\" data-src=\"https:\/\/perfectvenue.eu\/wp-content\/uploads\/Finca-los-Jazmines.jpg\" data-srcset=\"https:\/\/perfectvenue.eu\/wp-content\/uploads\/Finca-los-Jazmines.jpg 977w, https:\/\/perfectvenue.eu\/wp-content\/uploads\/Finca-los-Jazmines-300x189.jpg 300w, https:\/\/perfectvenue.eu\/wp-content\/uploads\/Finca-los-Jazmines-768x484.jpg 768w, https:\/\/perfectvenue.eu\/wp-content\/uploads\/Finca-los-Jazmines-450x284.jpg 450w, https:\/\/perfectvenue.eu\/wp-content\/uploads\/Finca-los-Jazmines-600x378.jpg 600w\"><figcaption id=\"caption-attachment-32788\" class=\"wp-caption-text\">Finca los Jazmines<\/figcaption><\/figure>\n<p style=\"text-align: justify;\">Il est situ\u00e9 au c\u0153ur de S\u00e9govie, \u00e0 5 minutes du c\u00e9l\u00e8bre pont de S\u00e9govie, \u00e0 c\u00f4t\u00e9 de l&rsquo;h\u00f4tel C\u00e1ndido, avec une vue spectaculaire sur l&rsquo;Alcazar \u00e0 l&rsquo;horizon et \u00e0 1 heure de l&rsquo;a\u00e9roport Adolfo Suarez. Il s&rsquo;agit d&rsquo;un nouveau domaine qui a plus de 30 ans d&rsquo;exp\u00e9rience dans l&rsquo;organisation d&rsquo;\u00e9v\u00e9nements. Il dispose \u00e9galement d&rsquo;un h\u00f4tel avec des vues spectaculaires pour les clients et la possibilit\u00e9 de danser dans le jardin ext\u00e9rieur. Il s&rsquo;agit sans aucun doute de l&rsquo;une des meilleures options en termes de rapport qualit\u00e9-prix \u00e0 S\u00e9govie, combinant un emplacement privil\u00e9gi\u00e9 et l&rsquo;exp\u00e9rience.<\/p>\n<h3 style=\"text-align: justify;\"><span style=\"font-weight: 400;\">La estaci\u00f3n<\/span><\/h3>\n<figure id=\"attachment_32789\" aria-describedby=\"caption-attachment-32789\" style=\"width: 881px\" class=\"wp-caption aligncenter\"><img loading=\"lazy\" decoding=\"async\" class=\"size-full wp-image-32789 lazyload\" src=\"data:image\/gif;base64,R0lGODlhAQABAAAAACH5BAEKAAEALAAAAAABAAEAAAICTAEAOw==\" alt=\"La estaci\u00f3n\" width=\"881\" height=\"578\" sizes=\"auto, (max-width: 881px) 100vw, 881px\" data-src=\"https:\/\/perfectvenue.eu\/wp-content\/uploads\/La-estaci\u00f3n-1.jpg\" data-srcset=\"https:\/\/perfectvenue.eu\/wp-content\/uploads\/La-estaci\u00f3n-1.jpg 881w, https:\/\/perfectvenue.eu\/wp-content\/uploads\/La-estaci\u00f3n-1-300x197.jpg 300w, https:\/\/perfectvenue.eu\/wp-content\/uploads\/La-estaci\u00f3n-1-768x504.jpg 768w, https:\/\/perfectvenue.eu\/wp-content\/uploads\/La-estaci\u00f3n-1-450x295.jpg 450w, https:\/\/perfectvenue.eu\/wp-content\/uploads\/La-estaci\u00f3n-1-600x394.jpg 600w\"><figcaption id=\"caption-attachment-32789\" class=\"wp-caption-text\">La estaci\u00f3n<\/figcaption><\/figure>\n<p style=\"text-align: justify;\">Si vous \u00eates \u00e0 la recherche d&rsquo;un lieu polyvalent, celui-ci est fait pour vous. Il s&rsquo;agit d&rsquo;une ancienne usine de briques situ\u00e9e \u00e0 Otero de Herreros, \u00e0 20 minutes de S\u00e9govie et \u00e0 un peu moins d&rsquo;une heure de l&rsquo;a\u00e9roport de Madrid Barajas, parfaite pour les mariages avec beaucoup de personnalit\u00e9. \u00c0 La Estaci\u00f3n, c&rsquo;est votre imagination qui fixe les limites et vous pourrez faire de cette journ\u00e9e un \u00e9v\u00e9nement 100% con\u00e7u par vous. Un mariage sur mesure pour lequel le personnel vous aidera \u00e0 d\u00e9corer et \u00e0 personnaliser l&rsquo;espace \u00e0 votre guise. Mariage religieux ou civil ? Les deux sont possibles car le domaine dispose d&rsquo;une \u00e9glise et les mariages civils peuvent \u00eatre c\u00e9l\u00e9br\u00e9s en plein air dans la cour principale ou dans la salle de l&rsquo;\u00e9tage hydraulique, id\u00e9ale pour les c\u00e9l\u00e9brations d&rsquo;automne ou d&rsquo;hiver. Le domaine dispose \u00e9galement de diff\u00e9rentes salles et d&rsquo;une cour int\u00e9rieure et ext\u00e9rieure, parfaites pour les diff\u00e9rents moments de l&rsquo;\u00e9v\u00e9nement.<\/p>\n<p style=\"text-align: justify;\">Prix des menus : \u00e0 partir de 155\u20ac.<\/p>\n<h3 style=\"text-align: justify;\"><span style=\"font-weight: 400;\">Palacio de Esquileo<\/span><\/h3>\n<figure id=\"attachment_32069\" aria-describedby=\"caption-attachment-32069\" style=\"width: 700px\" class=\"wp-caption aligncenter\"><img loading=\"lazy\" decoding=\"async\" class=\"wp-image-32069 size-full lazyload\" src=\"data:image\/gif;base64,R0lGODlhAQABAAAAACH5BAEKAAEALAAAAAABAAEAAAICTAEAOw==\" alt=\"Palacio de Esquileo - Perfect Venue\" width=\"700\" height=\"467\" sizes=\"auto, (max-width: 700px) 100vw, 700px\" data-src=\"https:\/\/perfectvenue.eu\/wp-content\/uploads\/PALACIO_DE_ESQUILEO1.jpg\" data-srcset=\"https:\/\/perfectvenue.eu\/wp-content\/uploads\/PALACIO_DE_ESQUILEO1.jpg 700w, https:\/\/perfectvenue.eu\/wp-content\/uploads\/PALACIO_DE_ESQUILEO1-300x200.jpg 300w, https:\/\/perfectvenue.eu\/wp-content\/uploads\/PALACIO_DE_ESQUILEO1-450x300.jpg 450w, https:\/\/perfectvenue.eu\/wp-content\/uploads\/PALACIO_DE_ESQUILEO1-600x400.jpg 600w\"><figcaption id=\"caption-attachment-32069\" class=\"wp-caption-text\">Palacio de Esquileo<\/figcaption><\/figure>\n<p style=\"text-align: justify;\">Il est situ\u00e9 pr\u00e8s de Riaza, \u00e0 Sotos de Sepulveda, dans un cadre naturel propice \u00e0 l&rsquo;accueil de vos invit\u00e9s. Un ancien palais a \u00e9t\u00e9 restaur\u00e9 avec toutes sortes de d\u00e9tails, un beau jardin et un \u00e9tang naturel. Le Palacio de Esquileo accueille aussi bien des mariages intimes que des mariages jusqu&rsquo;\u00e0 300 personnes, o\u00f9 vous pouvez c\u00e9l\u00e9brer la c\u00e9r\u00e9monie civile en plein air, dans une belle salle bien entretenue, ou \u00e0 l&rsquo;int\u00e9rieur selon un plan B, si les conditions m\u00e9t\u00e9orologiques ne le permettent pas. Par ailleurs, si votre mariage est de nature religieuse, il existe plusieurs \u00e9glises \u00e0 quelques minutes du palais, comme l&rsquo;\u00e9glise de Durat\u00f3n ou l&rsquo;\u00e9glise romane de Soto de Sepulveda. Ils disposent de leur propre cuisine, qui combine la cuisine internationale avec les classiques r\u00f4tis de ceviche de truite ou de cochon de lait. Ce lieu de mariage \u00e0 S\u00e9govie propose une s\u00e9rie d&rsquo;offres pour les mariages d&rsquo;hiver et d&rsquo;\u00e9t\u00e9 qui sont fortement recommand\u00e9es.<\/p>\n<p style=\"text-align: justify;\">Menus : \u00e0 partir de 80\u20ac<\/p>\n<h3 style=\"text-align: justify;\"><span style=\"font-weight: 400;\">Finca el Rancho de la Aldeg\u00fcela<\/span><\/h3>\n<figure id=\"attachment_32790\" aria-describedby=\"caption-attachment-32790\" style=\"width: 1036px\" class=\"wp-caption aligncenter\"><img loading=\"lazy\" decoding=\"async\" class=\"wp-image-32790 size-full lazyload\" src=\"data:image\/gif;base64,R0lGODlhAQABAAAAACH5BAEKAAEALAAAAAABAAEAAAICTAEAOw==\" alt=\"Finca el Rancho de la Aldeg\u00fcela - Perfect Venue\" width=\"1036\" height=\"608\" sizes=\"auto, (max-width: 1036px) 100vw, 1036px\" data-src=\"https:\/\/perfectvenue.eu\/wp-content\/uploads\/Finca-el-Rancho-de-la-Aldeg\u00fcela.jpg\" data-srcset=\"https:\/\/perfectvenue.eu\/wp-content\/uploads\/Finca-el-Rancho-de-la-Aldeg\u00fcela.jpg 1036w, https:\/\/perfectvenue.eu\/wp-content\/uploads\/Finca-el-Rancho-de-la-Aldeg\u00fcela-300x176.jpg 300w, https:\/\/perfectvenue.eu\/wp-content\/uploads\/Finca-el-Rancho-de-la-Aldeg\u00fcela-1024x601.jpg 1024w, https:\/\/perfectvenue.eu\/wp-content\/uploads\/Finca-el-Rancho-de-la-Aldeg\u00fcela-768x451.jpg 768w, https:\/\/perfectvenue.eu\/wp-content\/uploads\/Finca-el-Rancho-de-la-Aldeg\u00fcela-450x264.jpg 450w, https:\/\/perfectvenue.eu\/wp-content\/uploads\/Finca-el-Rancho-de-la-Aldeg\u00fcela-600x352.jpg 600w\"><figcaption id=\"caption-attachment-32790\" class=\"wp-caption-text\">Finca el Rancho de la Aldeg\u00fcela<\/figcaption><\/figure>\n<p style=\"text-align: justify;\">Situ\u00e9 \u00e0 Torrecaballeros, \u00e0 14 km du centre de S\u00e9govie et \u00e0 114 km de l&rsquo;a\u00e9roport de Madrid, ce domaine est l&rsquo;un des plus anciens de la ville et poss\u00e8de une grande exp\u00e9rience dans le secteur. Il dispose de plusieurs salles de mariage, d&rsquo;un h\u00f4tel pour les invit\u00e9s, de jardins et d&rsquo;une piscine. Si cela ne vous d\u00e9range pas de partager la finca avec d&rsquo;autres mariages et que vous souhaitez un mariage \u00e0 un prix abordable, mais avec l&rsquo;excellente exp\u00e9rience et la qualit\u00e9 de ses chefs dans l&rsquo;\u00e9laboration de r\u00f4tis d&rsquo;agneau et de cochons de lait, il s&rsquo;agit de l&rsquo;une des meilleures options. Avec un prix tr\u00e8s \u00e9conomique sur le menu de mariage, il offre aux mari\u00e9s une suite pour le jour du mariage \u00e0 l&rsquo;h\u00f4tel SPA del Rancho avec le petit d\u00e9jeuner et le cava inclus.<\/p>\n<p style=\"text-align: justify;\">Menus : \u00e0 partir de 55\u20ac.<\/p>\n<h3 style=\"text-align: justify;\"><a href=\"https:\/\/perfectvenue.es\/es\/listings\/finca-aldeallana\/\"><span style=\"font-weight: 400;\">Finca Aldeallana<\/span><\/a><\/h3>\n<figure id=\"attachment_32073\" aria-describedby=\"caption-attachment-32073\" style=\"width: 700px\" class=\"wp-caption aligncenter\"><img loading=\"lazy\" decoding=\"async\" class=\"wp-image-32073 size-full lazyload\" src=\"data:image\/gif;base64,R0lGODlhAQABAAAAACH5BAEKAAEALAAAAAABAAEAAAICTAEAOw==\" alt=\"Finca Aldeallana - Perfect Venue\" width=\"700\" height=\"466\" sizes=\"auto, (max-width: 700px) 100vw, 700px\" data-src=\"https:\/\/perfectvenue.eu\/wp-content\/uploads\/FINCA_ALDEALLANA1.jpg\" data-srcset=\"https:\/\/perfectvenue.eu\/wp-content\/uploads\/FINCA_ALDEALLANA1.jpg 700w, https:\/\/perfectvenue.eu\/wp-content\/uploads\/FINCA_ALDEALLANA1-300x200.jpg 300w, https:\/\/perfectvenue.eu\/wp-content\/uploads\/FINCA_ALDEALLANA1-450x300.jpg 450w, https:\/\/perfectvenue.eu\/wp-content\/uploads\/FINCA_ALDEALLANA1-600x399.jpg 600w\"><figcaption id=\"caption-attachment-32073\" class=\"wp-caption-text\">Finca Aldeallana<\/figcaption><\/figure>\n<p style=\"text-align: justify;\">\u00c0 seulement 75 km de Madrid et 20 km de S\u00e9govie, Aldeallana est l&rsquo;endroit id\u00e9al pour c\u00e9l\u00e9brer des mariages civils et religieux au sein de la propri\u00e9t\u00e9, l&rsquo;\u00e9glise de Santa Eulalia de M\u00e9rida se trouvant \u00e0 seulement 3 km. Le soin, l&rsquo;attention port\u00e9e aux d\u00e9tails, le bon go\u00fbt et la perfection sont la devise de l&rsquo;\u00e9quipe de cet h\u00f4tel, o\u00f9 vous pourrez profiter d&rsquo;un mariage de luxe avec tout le charme de la campagne. De plus, le domaine dispose de sa propre cuisine avec le service de traiteur Ciboulette qui assure un service impeccable et vous facilite la t\u00e2che.<\/p>\n<h3 style=\"text-align: justify;\"><span style=\"font-weight: 400;\">De Natura<\/span><\/h3>\n<figure id=\"attachment_32074\" aria-describedby=\"caption-attachment-32074\" style=\"width: 700px\" class=\"wp-caption aligncenter\"><img loading=\"lazy\" decoding=\"async\" class=\"wp-image-32074 size-full lazyload\" src=\"data:image\/gif;base64,R0lGODlhAQABAAAAACH5BAEKAAEALAAAAAABAAEAAAICTAEAOw==\" alt=\"De Natura - Perfect Venue\" width=\"700\" height=\"464\" sizes=\"auto, (max-width: 700px) 100vw, 700px\" data-src=\"https:\/\/perfectvenue.eu\/wp-content\/uploads\/DE_NATURA_PEDRAZA1.jpg\" data-srcset=\"https:\/\/perfectvenue.eu\/wp-content\/uploads\/DE_NATURA_PEDRAZA1.jpg 700w, https:\/\/perfectvenue.eu\/wp-content\/uploads\/DE_NATURA_PEDRAZA1-300x199.jpg 300w, https:\/\/perfectvenue.eu\/wp-content\/uploads\/DE_NATURA_PEDRAZA1-450x298.jpg 450w, https:\/\/perfectvenue.eu\/wp-content\/uploads\/DE_NATURA_PEDRAZA1-600x398.jpg 600w\"><figcaption id=\"caption-attachment-32074\" class=\"wp-caption-text\">De Natura<\/figcaption><\/figure>\n<p style=\"text-align: justify;\">Si vous avez d\u00e9j\u00e0 visit\u00e9 Pedraza, vous avez certainement pens\u00e9 \u00e0 vous y marier. Toute personne qui met les pieds dans ce lieu est captiv\u00e9e par sa beaut\u00e9 m\u00e9di\u00e9vale, parfaite pour un mariage de conte de f\u00e9es. Il est situ\u00e9 dans un palais du XVIIe si\u00e8cle qui a \u00e9t\u00e9 restaur\u00e9 dans les ann\u00e9es 70 par le d\u00e9corateur Paco Mu\u00f1oz. Il se compose actuellement de trois \u00e9tages ouverts, \u00e0 pr\u00e8s de 1 000 m\u00e8tres d&rsquo;altitude, et d&rsquo;un jardin offrant des vues spectaculaires. Sa structure en bois, sa chemin\u00e9e et ses sols en terre cuite en font l&rsquo;endroit id\u00e9al pour un mariage familial et chaleureux, sans pour autant renoncer au charme. De plus, Samantha Vallejo-Nagera et Sabina Deroned s&rsquo;occuperont de tous les d\u00e9tails de votre mariage, donnant ainsi une touche sp\u00e9ciale \u00e0 votre grand jour. Bien qu&rsquo;il soit un peu loin de l&rsquo;a\u00e9roport (113 km) et \u00e0 40 km de S\u00e9govie, l&rsquo;id\u00e9e d&rsquo;y c\u00e9l\u00e9brer votre mariage vaut vraiment la peine d&rsquo;\u00eatre envisag\u00e9e.<\/p>\n<p style=\"text-align: justify;\">Location : \u00e0 partir de 3.500\u20ac.<\/p>\n<h3 style=\"text-align: justify;\"><span style=\"font-weight: 400;\">Finca Lasmargas<\/span><\/h3>\n<figure id=\"attachment_32075\" aria-describedby=\"caption-attachment-32075\" style=\"width: 700px\" class=\"wp-caption aligncenter\"><img loading=\"lazy\" decoding=\"async\" class=\"wp-image-32075 size-full lazyload\" src=\"data:image\/gif;base64,R0lGODlhAQABAAAAACH5BAEKAAEALAAAAAABAAEAAAICTAEAOw==\" alt=\"Finca Lasmargas - Perfect Venue\" width=\"700\" height=\"471\" sizes=\"auto, (max-width: 700px) 100vw, 700px\" data-src=\"https:\/\/perfectvenue.eu\/wp-content\/uploads\/FINCA_LASMARGAS1.jpg\" data-srcset=\"https:\/\/perfectvenue.eu\/wp-content\/uploads\/FINCA_LASMARGAS1.jpg 700w, https:\/\/perfectvenue.eu\/wp-content\/uploads\/FINCA_LASMARGAS1-300x202.jpg 300w, https:\/\/perfectvenue.eu\/wp-content\/uploads\/FINCA_LASMARGAS1-450x303.jpg 450w, https:\/\/perfectvenue.eu\/wp-content\/uploads\/FINCA_LASMARGAS1-600x404.jpg 600w\"><figcaption id=\"caption-attachment-32075\" class=\"wp-caption-text\">Finca Lasmargas<\/figcaption><\/figure>\n<p style=\"text-align: justify;\">Cette ancienne ferme convertie en h\u00f4tel de charme est situ\u00e9e \u00e0 7 km de S\u00e9govie et \u00e0 90 km de l&rsquo;a\u00e9roport de Madrid. La structure du b\u00e2timent date du XVIIe si\u00e8cle et dispose de deux grandes salles, d&rsquo;une cour centrale et de magnifiques jardins, ce qui en fait un lieu id\u00e9al pour accueillir n&rsquo;importe quel \u00e9v\u00e9nement. La d\u00e9coration et le go\u00fbt sophistiqu\u00e9 ne sont que quelques-uns des facteurs qui poussent de nombreux couples \u00e0 choisir ce lieu pour leur mariage. Sa grande exp\u00e9rience dans l&rsquo;organisation de mariages est un atout, car il met \u00e0 votre disposition une \u00e9quipe de professionnels pour s&rsquo;assurer que tout se d\u00e9roule selon vos attentes.<\/p>\n<h3 style=\"text-align: justify;\"><span style=\"font-weight: 400;\">Abad\u00eda de P\u00e1rraces<\/span><\/h3>\n<figure id=\"attachment_32068\" aria-describedby=\"caption-attachment-32068\" style=\"width: 700px\" class=\"wp-caption aligncenter\"><img loading=\"lazy\" decoding=\"async\" class=\"wp-image-32068 size-full lazyload\" src=\"data:image\/gif;base64,R0lGODlhAQABAAAAACH5BAEKAAEALAAAAAABAAEAAAICTAEAOw==\" alt=\"Abad\u00eda de P\u00e1rraces - Perfect Venue\" width=\"700\" height=\"469\" sizes=\"auto, (max-width: 700px) 100vw, 700px\" data-src=\"https:\/\/perfectvenue.eu\/wp-content\/uploads\/ABAD\u00cdA_DE_P\u00c1RRACES1.png\" data-srcset=\"https:\/\/perfectvenue.eu\/wp-content\/uploads\/ABAD\u00cdA_DE_P\u00c1RRACES1.png 700w, https:\/\/perfectvenue.eu\/wp-content\/uploads\/ABAD\u00cdA_DE_P\u00c1RRACES1-300x201.png 300w, https:\/\/perfectvenue.eu\/wp-content\/uploads\/ABAD\u00cdA_DE_P\u00c1RRACES1-450x302.png 450w, https:\/\/perfectvenue.eu\/wp-content\/uploads\/ABAD\u00cdA_DE_P\u00c1RRACES1-600x402.png 600w\"><figcaption id=\"caption-attachment-32068\" class=\"wp-caption-text\">Abad\u00eda de P\u00e1rraces<\/figcaption><\/figure>\n<p style=\"text-align: justify;\">Un autre lieu de mariage unique \u00e0 S\u00e9govie. Il s&rsquo;agit en particulier d&rsquo;un monast\u00e8re datant du XVIe si\u00e8cle, qui a \u00e9t\u00e9 class\u00e9 comme vestige culturel. Il est situ\u00e9 \u00e0 Bercial, \u00e0 20 minutes de S\u00e9govie et \u00e0 50 minutes de Madrid. Entour\u00e9 de jardins pittoresques, il offre d&rsquo;excellentes vues sur les montagnes. Le point fort du monast\u00e8re, cependant, ce sont ses deux salles, parfaites pour les mariages (quel que soit le nombre d&rsquo;invit\u00e9s). Pour les banquets de mariage \u00e0 l&rsquo;int\u00e9rieur, la propri\u00e9t\u00e9 dispose d&rsquo;une salle pouvant accueillir plus de 500 personnes, d\u00e9cor\u00e9e dans un style Renaissance de la fin du XVIe si\u00e8cle. Un choix charmant, parfait pour des mariages diff\u00e9rents, o\u00f9 tradition et modernit\u00e9 vont de pair.<\/p>\n<p style=\"text-align: justify;\">Menus : \u00e0 partir de 115\u20ac.<\/p>\n<h3 style=\"text-align: justify;\"><span style=\"font-weight: 400;\">Finca de Duque<\/span><\/h3>\n<figure id=\"attachment_32076\" aria-describedby=\"caption-attachment-32076\" style=\"width: 700px\" class=\"wp-caption aligncenter\"><img loading=\"lazy\" decoding=\"async\" class=\"wp-image-32076 size-full lazyload\" src=\"data:image\/gif;base64,R0lGODlhAQABAAAAACH5BAEKAAEALAAAAAABAAEAAAICTAEAOw==\" alt=\"Finca de Duque - Perfect Venue\" width=\"700\" height=\"469\" sizes=\"auto, (max-width: 700px) 100vw, 700px\" data-src=\"https:\/\/perfectvenue.eu\/wp-content\/uploads\/LA_FINCA_DEL_DUQUE1.jpg\" data-srcset=\"https:\/\/perfectvenue.eu\/wp-content\/uploads\/LA_FINCA_DEL_DUQUE1.jpg 700w, https:\/\/perfectvenue.eu\/wp-content\/uploads\/LA_FINCA_DEL_DUQUE1-300x201.jpg 300w, https:\/\/perfectvenue.eu\/wp-content\/uploads\/LA_FINCA_DEL_DUQUE1-450x302.jpg 450w, https:\/\/perfectvenue.eu\/wp-content\/uploads\/LA_FINCA_DEL_DUQUE1-600x402.jpg 600w\"><figcaption id=\"caption-attachment-32076\" class=\"wp-caption-text\">Finca de Duque<\/figcaption><\/figure>\n<p style=\"text-align: justify;\">Il s&rsquo;agit d&rsquo;un lieu polyvalent situ\u00e9 \u00e0 quelques kilom\u00e8tres de S\u00e9govie. Il est parfait pour les mariages civils et religieux et est entour\u00e9 d&rsquo;un jardin de 1 500 m\u00e8tres carr\u00e9s. Il dispose \u00e9galement de sa propre cuisine, dirig\u00e9e par Juli\u00e1n Duque. Dans ce cas, il ne s&rsquo;agit pas d&rsquo;un b\u00e2timent charg\u00e9 d&rsquo;histoire comme dans les cas pr\u00e9c\u00e9dents, mais d&rsquo;un confort moderne \u00e9quip\u00e9 pour que votre journ\u00e9e soit absolument parfaite. Un domaine parfait o\u00f9 vous pourrez c\u00e9l\u00e9brer le mariage de vos r\u00eaves, en personnalisant chaque d\u00e9tail et en jouant avec l&rsquo;espace et les options.<\/p>\n<h3 style=\"text-align: justify;\"><span style=\"font-weight: 400;\">Finca Prados Riveros<\/span><\/h3>\n<figure id=\"attachment_32077\" aria-describedby=\"caption-attachment-32077\" style=\"width: 700px\" class=\"wp-caption aligncenter\"><img loading=\"lazy\" decoding=\"async\" class=\"wp-image-32077 size-full lazyload\" src=\"data:image\/gif;base64,R0lGODlhAQABAAAAACH5BAEKAAEALAAAAAABAAEAAAICTAEAOw==\" alt=\"Finca Prados Riveros - Perfect Venue\" width=\"700\" height=\"467\" sizes=\"auto, (max-width: 700px) 100vw, 700px\" data-src=\"https:\/\/perfectvenue.eu\/wp-content\/uploads\/FINCA_PRADOS_RIVEROS1.jpg\" data-srcset=\"https:\/\/perfectvenue.eu\/wp-content\/uploads\/FINCA_PRADOS_RIVEROS1.jpg 700w, https:\/\/perfectvenue.eu\/wp-content\/uploads\/FINCA_PRADOS_RIVEROS1-300x200.jpg 300w, https:\/\/perfectvenue.eu\/wp-content\/uploads\/FINCA_PRADOS_RIVEROS1-450x300.jpg 450w, https:\/\/perfectvenue.eu\/wp-content\/uploads\/FINCA_PRADOS_RIVEROS1-600x400.jpg 600w\"><figcaption id=\"caption-attachment-32077\" class=\"wp-caption-text\">Finca Prados Riveros<\/figcaption><\/figure>\n<p style=\"text-align: justify;\">\u00c0 Madrid, mais tout pr\u00e8s de S\u00e9govie et \u00e0 une heure de l&rsquo;a\u00e9roport de Madrid-Barajas, se trouve Prados Riveros, un domaine de 12 hectares situ\u00e9 dans le parc naturel de Pe\u00f1alara. Il r\u00e9invente l&rsquo;id\u00e9e d&rsquo;un mariage \u00e0 la campagne en proposant des mariages uniques, personnalis\u00e9s et captivants. Un cadre idyllique au milieu des p\u00e2turages, des pin\u00e8des et des ch\u00eanes verts. Le lieu convient aussi bien aux mariages civils, qui peuvent \u00eatre c\u00e9l\u00e9br\u00e9s dans les installations de l&rsquo;h\u00f4tel, qu&rsquo;aux mariages religieux, puisque le monast\u00e8re royal de Santa Mar\u00eda del Paular se trouve \u00e0 proximit\u00e9. Il s&rsquo;agit sans aucun doute d&rsquo;une recommandation pour tous ceux qui recherchent quelque chose de diff\u00e9rent dans une version rustique et \u00e9l\u00e9gante.<\/p>\n<p style=\"text-align: justify;\">Menus : \u00e0 partir de 100\u20ac.<\/p>\n<p style=\"text-align: justify;\"><span style=\"color: #5d5c5c; font-family: Hanken, sans-serif; font-size: 1.5rem;\">Villa \u00c1ngeles<\/span><\/p>\n<figure id=\"attachment_32791\" aria-describedby=\"caption-attachment-32791\" style=\"width: 906px\" class=\"wp-caption aligncenter\"><img loading=\"lazy\" decoding=\"async\" class=\"wp-image-32791 size-full lazyload\" src=\"data:image\/gif;base64,R0lGODlhAQABAAAAACH5BAEKAAEALAAAAAABAAEAAAICTAEAOw==\" alt=\"Villa \u00c1ngeles - Perfect Venue\" width=\"906\" height=\"359\" sizes=\"auto, (max-width: 906px) 100vw, 906px\" data-src=\"https:\/\/perfectvenue.eu\/wp-content\/uploads\/Villa-\u00c1ngeles.jpg\" data-srcset=\"https:\/\/perfectvenue.eu\/wp-content\/uploads\/Villa-\u00c1ngeles.jpg 906w, https:\/\/perfectvenue.eu\/wp-content\/uploads\/Villa-\u00c1ngeles-300x119.jpg 300w, https:\/\/perfectvenue.eu\/wp-content\/uploads\/Villa-\u00c1ngeles-768x304.jpg 768w, https:\/\/perfectvenue.eu\/wp-content\/uploads\/Villa-\u00c1ngeles-450x178.jpg 450w, https:\/\/perfectvenue.eu\/wp-content\/uploads\/Villa-\u00c1ngeles-600x238.jpg 600w\"><figcaption id=\"caption-attachment-32791\" class=\"wp-caption-text\">Villa \u00c1ngeles<\/figcaption><\/figure>\n<p style=\"text-align: justify;\">Il est situ\u00e9 sur le terrain de golf Asr, inaugur\u00e9 en mai 2010, dans l&rsquo;environnement naturel de la Sierra de Guadarrama, \u00e0 25 minutes de S\u00e9govie et \u00e0 1 heure de l&rsquo;a\u00e9roport.<span class=\"Apple-converted-space\">\u00a0 <\/span>D&rsquo;une conception remarquable, il se caract\u00e9rise par son int\u00e9gration \u00e0 l&rsquo;environnement naturel. La spectaculaire ch\u00eanaie verte, parsem\u00e9e de formations rocheuses spectaculaires, traverse le profond m\u00e9andre de la rivi\u00e8re Moros. Le pavillon, situ\u00e9 dans le clubhouse du terrain de golf, est l&rsquo;endroit id\u00e9al pour la c\u00e9l\u00e9bration du mariage, avec une capacit\u00e9 d&rsquo;accueil de 500 personnes et de grandes fen\u00eatres qui laissent entrer la lumi\u00e8re, cr\u00e9ant une atmosph\u00e8re unique. Sa situation privil\u00e9gi\u00e9e lui permet de devenir le point de vue id\u00e9al pour contempler le spectacle naturel qui l&rsquo;entoure.<\/p>\n<p style=\"text-align: justify;\">Prix : \u00e0 partir de 300 \u20ac.<\/p>\n<h3 style=\"text-align: justify;\"><span style=\"font-weight: 400;\">La Portada de Mediod\u00eda<\/span><\/h3>\n<figure id=\"attachment_32792\" aria-describedby=\"caption-attachment-32792\" style=\"width: 1280px\" class=\"wp-caption aligncenter\"><img loading=\"lazy\" decoding=\"async\" class=\"wp-image-32792 size-full lazyload\" src=\"data:image\/gif;base64,R0lGODlhAQABAAAAACH5BAEKAAEALAAAAAABAAEAAAICTAEAOw==\" alt=\"La Portada de Mediod\u00eda - Perfect Venue\" width=\"1280\" height=\"625\" sizes=\"auto, (max-width: 1280px) 100vw, 1280px\" data-src=\"https:\/\/perfectvenue.eu\/wp-content\/uploads\/La-Portada-de-Mediod\u00eda.jpg\" data-srcset=\"https:\/\/perfectvenue.eu\/wp-content\/uploads\/La-Portada-de-Mediod\u00eda.jpg 1280w, https:\/\/perfectvenue.eu\/wp-content\/uploads\/La-Portada-de-Mediod\u00eda-300x146.jpg 300w, https:\/\/perfectvenue.eu\/wp-content\/uploads\/La-Portada-de-Mediod\u00eda-1024x500.jpg 1024w, https:\/\/perfectvenue.eu\/wp-content\/uploads\/La-Portada-de-Mediod\u00eda-768x375.jpg 768w, https:\/\/perfectvenue.eu\/wp-content\/uploads\/La-Portada-de-Mediod\u00eda-450x220.jpg 450w, https:\/\/perfectvenue.eu\/wp-content\/uploads\/La-Portada-de-Mediod\u00eda-600x293.jpg 600w\"><figcaption id=\"caption-attachment-32792\" class=\"wp-caption-text\">La Portada de Mediod\u00eda<\/figcaption><\/figure>\n<p style=\"text-align: justify;\">Cet ancien relais de poste du XVIe si\u00e8cle jouit d&rsquo;un emplacement privil\u00e9gi\u00e9, prot\u00e9g\u00e9 par l&rsquo;\u00e9glise romane de San Nicol\u00e1s de Bari, \u00e0 l&rsquo;entr\u00e9e de Torrecaballeros, une ville situ\u00e9e au c\u0153ur de la Sierra de Castille, \u00e0 quelques minutes de S\u00e9govie et \u00e0 un peu plus de quarante minutes de Madrid. La salle \u00e0 manger principale, avec sa terrasse ouverte en bois, est le cadre id\u00e9al pour une c\u00e9l\u00e9bration historique. Elle peut accueillir jusqu&rsquo;\u00e0 200 personnes et l&rsquo;atmosph\u00e8re est rendue incroyablement chaleureuse par l&rsquo;\u00e9clairage indirect, les touches chaudes et de nombreux d\u00e9tails dignes d&rsquo;\u00eatre pr\u00e9sent\u00e9s. Bougies, fleurs fra\u00eeches, \u0153uvres d&rsquo;art, jardin merveilleux, etc. Un souvenir inoubliable pour un jour si sp\u00e9cial.<\/p>\n<p style=\"text-align: justify;\">Menus : \u00e0 partir de 70\u20ac<\/p>\n<p style=\"text-align: justify;\"><span style=\"color: #5d5c5c; font-family: Hanken, sans-serif; font-size: 1.5rem;\">La Tejera de Fausto<\/span><\/p>\n<figure id=\"attachment_32793\" aria-describedby=\"caption-attachment-32793\" style=\"width: 1043px\" class=\"wp-caption aligncenter\"><img loading=\"lazy\" decoding=\"async\" class=\"wp-image-32793 size-full lazyload\" src=\"data:image\/gif;base64,R0lGODlhAQABAAAAACH5BAEKAAEALAAAAAABAAEAAAICTAEAOw==\" alt=\"La Tejera de Fausto - Perfect Venue\" width=\"1043\" height=\"654\" sizes=\"auto, (max-width: 1043px) 100vw, 1043px\" data-src=\"https:\/\/perfectvenue.eu\/wp-content\/uploads\/La-Tejera-de-Fausto.jpg\" data-srcset=\"https:\/\/perfectvenue.eu\/wp-content\/uploads\/La-Tejera-de-Fausto.jpg 1043w, https:\/\/perfectvenue.eu\/wp-content\/uploads\/La-Tejera-de-Fausto-300x188.jpg 300w, https:\/\/perfectvenue.eu\/wp-content\/uploads\/La-Tejera-de-Fausto-1024x642.jpg 1024w, https:\/\/perfectvenue.eu\/wp-content\/uploads\/La-Tejera-de-Fausto-768x482.jpg 768w, https:\/\/perfectvenue.eu\/wp-content\/uploads\/La-Tejera-de-Fausto-450x282.jpg 450w, https:\/\/perfectvenue.eu\/wp-content\/uploads\/La-Tejera-de-Fausto-600x376.jpg 600w\"><figcaption id=\"caption-attachment-32793\" class=\"wp-caption-text\">La Tejera de Fausto<\/figcaption><\/figure>\n<p style=\"text-align: justify;\">Ce magnifique restaurant jouit d&rsquo;un emplacement pittoresque, ce qui en fait le cadre id\u00e9al pour c\u00e9l\u00e9brer votre grand jour. Il dispose d&rsquo;une grande salle int\u00e9rieure et d&rsquo;\u00e9l\u00e9gants chapiteaux de jardin d&rsquo;une capacit\u00e9 maximale de 100 et 250 invit\u00e9s respectivement. Les deux espaces sont joliment d\u00e9cor\u00e9s avec des touches rustiques et \u00e9l\u00e9gantes, ou pour la majest\u00e9 de la v\u00e9g\u00e9tation et les diff\u00e9rents coins de l&rsquo;ext\u00e9rieur.<\/p>\n<p style=\"text-align: justify;\">Menus : \u00e0 partir de 79\u20ac.<\/p>\n<h3 style=\"text-align: justify;\"><span style=\"font-weight: 400;\">El Mirador del Botero<\/span><\/h3>\n<figure id=\"attachment_32794\" aria-describedby=\"caption-attachment-32794\" style=\"width: 772px\" class=\"wp-caption aligncenter\"><img loading=\"lazy\" decoding=\"async\" class=\"wp-image-32794 size-full lazyload\" src=\"data:image\/gif;base64,R0lGODlhAQABAAAAACH5BAEKAAEALAAAAAABAAEAAAICTAEAOw==\" alt=\"El Mirador del Botero - Perfect Venue\" width=\"772\" height=\"513\" sizes=\"auto, (max-width: 772px) 100vw, 772px\" data-src=\"https:\/\/perfectvenue.eu\/wp-content\/uploads\/El-Mirador-del-Botero.jpg\" data-srcset=\"https:\/\/perfectvenue.eu\/wp-content\/uploads\/El-Mirador-del-Botero.jpg 772w, https:\/\/perfectvenue.eu\/wp-content\/uploads\/El-Mirador-del-Botero-300x199.jpg 300w, https:\/\/perfectvenue.eu\/wp-content\/uploads\/El-Mirador-del-Botero-768x510.jpg 768w, https:\/\/perfectvenue.eu\/wp-content\/uploads\/El-Mirador-del-Botero-450x299.jpg 450w, https:\/\/perfectvenue.eu\/wp-content\/uploads\/El-Mirador-del-Botero-600x399.jpg 600w\"><figcaption id=\"caption-attachment-32794\" class=\"wp-caption-text\">El Mirador del Botero<\/figcaption><\/figure>\n<p style=\"text-align: justify;\">Si vous souhaitez y organiser une c\u00e9r\u00e9monie civile&#8230; Une arche en fer, le bruit de l&rsquo;eau de la fontaine, une arche en pierre \u00e9lanc\u00e9e, la lumi\u00e8re filtrant \u00e0 travers les interstices des pav\u00e9s et des arbres donneront \u00e0 la c\u00e9r\u00e9monie une touche de romantisme unique. Vous pouvez \u00e9galement choisir de la c\u00e9l\u00e9brer \u00e0 l&rsquo;ext\u00e9rieur, dans un jardin de 20 000 m\u00e8tres carr\u00e9s qui invite \u00e0 la fl\u00e2nerie, \u00e0 la d\u00e9gustation de cocktails sur la terrasse et \u00e0 l&rsquo;ap\u00e9ritif dans le coin canap\u00e9. Si, en revanche, vous souhaitez un mariage \u00e0 l&rsquo;int\u00e9rieur ou si le temps le permet, vous disposerez d&rsquo;une grande salle vitr\u00e9e offrant une vue spectaculaire sur les montagnes d&rsquo;Aion, la ville et le jardin, avec de hauts plafonds \u00e0 poutres apparentes, une piste de danse et un grand bar dot\u00e9 d&rsquo;un coin mojito. Vous n&rsquo;aurez pas non plus \u00e0 vous soucier de l&#8217;emplacement, puisqu&rsquo;il se trouve \u00e0 un peu plus d&rsquo;une heure de la ville de S\u00e9govie et de l&rsquo;a\u00e9roport de Madrid.<\/p>\n<p style=\"text-align: justify;\">Prix : \u00e0 partir de 90\u20ac<\/p>\n<p style=\"text-align: justify;\"><span style=\"color: #5d5c5c; font-family: Hanken, sans-serif; font-size: 1.5rem;\">Estancia Macondo<\/span><\/p>\n<figure id=\"attachment_32795\" aria-describedby=\"caption-attachment-32795\" style=\"width: 1103px\" class=\"wp-caption aligncenter\"><img loading=\"lazy\" decoding=\"async\" class=\"wp-image-32795 size-full lazyload\" src=\"data:image\/gif;base64,R0lGODlhAQABAAAAACH5BAEKAAEALAAAAAABAAEAAAICTAEAOw==\" alt=\"Estancia Macondo - Perfect Venue\" width=\"1103\" height=\"605\" sizes=\"auto, (max-width: 1103px) 100vw, 1103px\" data-src=\"https:\/\/perfectvenue.eu\/wp-content\/uploads\/Estancia-Macondo.jpg\" data-srcset=\"https:\/\/perfectvenue.eu\/wp-content\/uploads\/Estancia-Macondo.jpg 1103w, https:\/\/perfectvenue.eu\/wp-content\/uploads\/Estancia-Macondo-300x165.jpg 300w, https:\/\/perfectvenue.eu\/wp-content\/uploads\/Estancia-Macondo-1024x562.jpg 1024w, https:\/\/perfectvenue.eu\/wp-content\/uploads\/Estancia-Macondo-768x421.jpg 768w, https:\/\/perfectvenue.eu\/wp-content\/uploads\/Estancia-Macondo-450x247.jpg 450w, https:\/\/perfectvenue.eu\/wp-content\/uploads\/Estancia-Macondo-600x329.jpg 600w\"><figcaption id=\"caption-attachment-32795\" class=\"wp-caption-text\">Estancia Macondo<\/figcaption><\/figure>\n<p style=\"text-align: justify;\">Il s&rsquo;agit d&rsquo;un centre de tourisme rural, cr\u00e9\u00e9 et adapt\u00e9 pour la c\u00e9l\u00e9bration d&rsquo;\u00e9v\u00e9nements. Si vous cherchez un endroit o\u00f9 la nature se m\u00eale \u00e0 une atmosph\u00e8re confortable et polyvalente, ce domaine est une tr\u00e8s bonne option. Vous pourrez profiter de la f\u00eate aussi bien \u00e0 l&rsquo;ext\u00e9rieur qu&rsquo;\u00e0 l&rsquo;int\u00e9rieur. Le jour de votre mariage, vous disposerez d&rsquo;une s\u00e9rie d&rsquo;espaces o\u00f9 vous pourrez c\u00e9l\u00e9brer les diff\u00e9rents moments de l&rsquo;\u00e9v\u00e9nement et qui ont une capacit\u00e9 allant de 20 \u00e0 110 personnes. Le salon, qui est un espace accueillant o\u00f9 les tables seront dispos\u00e9es pour que vous puissiez profiter de la f\u00eate, un jardin avec piscine, parfait pour un cocktail de bienvenue ou une f\u00eate en plein air, et enfin un espace de d\u00e9tente o\u00f9 vous pourrez vous d\u00e9tendre avec vos amis et votre famille tout en prenant un verre. Il se trouve \u00e9galement \u00e0 seulement 20 minutes de la capitale et \u00e0 environ 1 heure de l&rsquo;a\u00e9roport Adolfo Su\u00e1rez.<\/p>\n<p style=\"text-align: justify;\">Menus : \u00e0 partir de 45\u20ac.<\/p>\n<h3 style=\"text-align: justify;\"><span style=\"font-weight: 400;\">Molino de la Ferrer\u00eda<\/span><\/h3>\n<figure id=\"attachment_32796\" aria-describedby=\"caption-attachment-32796\" style=\"width: 1239px\" class=\"wp-caption aligncenter\"><img loading=\"lazy\" decoding=\"async\" class=\"wp-image-32796 size-full lazyload\" src=\"data:image\/gif;base64,R0lGODlhAQABAAAAACH5BAEKAAEALAAAAAABAAEAAAICTAEAOw==\" alt=\"Molino de la Ferrer\u00eda - Perfect Venue\" width=\"1239\" height=\"660\" sizes=\"auto, (max-width: 1239px) 100vw, 1239px\" data-src=\"https:\/\/perfectvenue.eu\/wp-content\/uploads\/Molino-de-la-Ferrer\u00eda.jpg\" data-srcset=\"https:\/\/perfectvenue.eu\/wp-content\/uploads\/Molino-de-la-Ferrer\u00eda.jpg 1239w, https:\/\/perfectvenue.eu\/wp-content\/uploads\/Molino-de-la-Ferrer\u00eda-300x160.jpg 300w, https:\/\/perfectvenue.eu\/wp-content\/uploads\/Molino-de-la-Ferrer\u00eda-1024x545.jpg 1024w, https:\/\/perfectvenue.eu\/wp-content\/uploads\/Molino-de-la-Ferrer\u00eda-768x409.jpg 768w, https:\/\/perfectvenue.eu\/wp-content\/uploads\/Molino-de-la-Ferrer\u00eda-450x240.jpg 450w, https:\/\/perfectvenue.eu\/wp-content\/uploads\/Molino-de-la-Ferrer\u00eda-600x320.jpg 600w\"><figcaption id=\"caption-attachment-32796\" class=\"wp-caption-text\">Molino de la Ferrer\u00eda<\/figcaption><\/figure>\n<p style=\"text-align: justify;\">Il est situ\u00e9 \u00e0 la campagne, entour\u00e9 de ch\u00eanes, dans une belle r\u00e9gion \u00e0 10 km de la ville. Le Molino de la Ferrer\u00eda offre une tranquillit\u00e9 absolue et une qualit\u00e9 in\u00e9gal\u00e9e, alliant la tradition rurale \u00e0 un service irr\u00e9prochable de la part du personnel. Il dispose \u00e9galement d&rsquo;un salon avec des meubles anciens, une chemin\u00e9e et une fen\u00eatre donnant sur le jardin, o\u00f9 se trouvent \u00e9galement des tables si vous pr\u00e9f\u00e9rez c\u00e9l\u00e9brer votre \u00e9v\u00e9nement \u00e0 l&rsquo;ext\u00e9rieur.<\/p>\n<p style=\"text-align: justify;\">Prix : \u00e0 partir de 40\u20ac.<\/p>\n<p style=\"text-align: justify;\"><span style=\"color: #5d5c5c; font-family: Hanken, sans-serif; font-size: 1.5rem;\">Parador del Durat\u00f3n<\/span><\/p>\n<p style=\"text-align: justify;\">Il s&rsquo;agit d&rsquo;un impressionnant b\u00e2timent en pierre du XVIe si\u00e8cle, enti\u00e8rement restaur\u00e9 avec beaucoup de charme, situ\u00e9 sur les rives du Durat\u00f3n (\u00e0 seulement 8 minutes du centre de S\u00e9govie et \u00e0 1 heure de l&rsquo;a\u00e9roport de Madrid), d&rsquo;une superficie de 60 000 m\u00e8tres carr\u00e9s, o\u00f9 vous pourrez admirer les vastes jardins bien entretenus avec des \u00e9tangs et des arbres centenaires, des terrasses ext\u00e9rieures et une piscine ext\u00e9rieure saisonni\u00e8re. L&rsquo;\u00e9quipe du Parador del Durat\u00f3n y Convento de San Francisco mettra \u00e0 votre disposition ses espaces int\u00e9rieurs et ext\u00e9rieurs pour c\u00e9l\u00e9brer votre grand jour. Des salles impressionnantes et des jardins ext\u00e9rieurs avec des espaces diff\u00e9rents pour chaque \u00e9tape de l&rsquo;\u00e9v\u00e9nement rendront la c\u00e9l\u00e9bration unique et inoubliable.<\/p>\n<p style=\"text-align: justify;\">Location: \u00e0 partir de 127,50\u20ac<\/p>\n<h3 style=\"text-align: justify;\"><span style=\"font-weight: 400;\">Restaurante Hotel Florida<\/span><\/h3>\n<figure id=\"attachment_32798\" aria-describedby=\"caption-attachment-32798\" style=\"width: 802px\" class=\"wp-caption aligncenter\"><img loading=\"lazy\" decoding=\"async\" class=\"wp-image-32798 size-full lazyload\" src=\"data:image\/gif;base64,R0lGODlhAQABAAAAACH5BAEKAAEALAAAAAABAAEAAAICTAEAOw==\" alt=\"Restaurante Hotel Florida - Perfect Venue\" width=\"802\" height=\"525\" sizes=\"auto, (max-width: 802px) 100vw, 802px\" data-src=\"https:\/\/perfectvenue.eu\/wp-content\/uploads\/Restaurante-Hotel-Florida.jpg\" data-srcset=\"https:\/\/perfectvenue.eu\/wp-content\/uploads\/Restaurante-Hotel-Florida.jpg 802w, https:\/\/perfectvenue.eu\/wp-content\/uploads\/Restaurante-Hotel-Florida-300x196.jpg 300w, https:\/\/perfectvenue.eu\/wp-content\/uploads\/Restaurante-Hotel-Florida-768x503.jpg 768w, https:\/\/perfectvenue.eu\/wp-content\/uploads\/Restaurante-Hotel-Florida-450x295.jpg 450w, https:\/\/perfectvenue.eu\/wp-content\/uploads\/Restaurante-Hotel-Florida-600x393.jpg 600w\"><figcaption id=\"caption-attachment-32798\" class=\"wp-caption-text\">Restaurante Hotel Florida<\/figcaption><\/figure>\n<p style=\"text-align: justify;\">Ce charmant h\u00f4tel-restaurant allie l&rsquo;art et la nature pour vous offrir une atmosph\u00e8re unique, chaleureuse et accueillante, ainsi que la tranquillit\u00e9 et l&rsquo;intimit\u00e9 que vous recherchez pour votre grand jour. Il jouit d&rsquo;une situation privil\u00e9gi\u00e9e \u00e0 Cu\u00e9llar, entour\u00e9 de paysages naturels parfaits et \u00e0 seulement 30 minutes du centre-ville. Vous pourrez profiter \u00e0 la fois du magnifique jardin et de la salle. Il dispose de plusieurs salles et salons dot\u00e9s de tout l&rsquo;\u00e9quipement n\u00e9cessaire pour une c\u00e9l\u00e9bration en bonne et due forme. Il allie le bon go\u00fbt \u00e0 une atmosph\u00e8re chaleureuse et accueillante qui vous invite \u00e0 explorer tous les recoins. Il dispose d&rsquo;une salle \u00e0 manger priv\u00e9e pouvant accueillir jusqu&rsquo;\u00e0 30 personnes, d&rsquo;une salle \u00e0 manger principale pouvant accueillir 75 personnes, d&rsquo;une salle de banquet pouvant accueillir jusqu&rsquo;\u00e0 450 personnes, d&rsquo;une discoth\u00e8que o\u00f9 vous pourrez faire la f\u00eate apr\u00e8s le banquet et enfin d&rsquo;un jardin, un endroit idyllique pour d\u00e9guster un cocktail ou un ap\u00e9ritif, entour\u00e9 de vues et d&rsquo;une v\u00e9g\u00e9tation magnifiques.<\/p>\n<p style=\"text-align: justify;\">Il ne s&rsquo;agit l\u00e0 que de quelques-uns des lieux les plus impressionnants o\u00f9 l&rsquo;on peut <strong>c\u00e9l\u00e9brer des mariages \u00e0 S\u00e9govie<\/strong>, mais si l&rsquo;un d&rsquo;entre eux vous int\u00e9resse en particulier, il vous suffit de le contacter et de lui demander plus d&rsquo;informations.<\/p>\n<p style=\"text-align: justify;\">Si vous souhaitez en savoir plus sur les mariages, n&rsquo;h\u00e9sitez pas \u00e0 consulter <a href=\"https:\/\/perfectvenue.es\/es\/2022\/05\/19\/cuales-son-los-profesionales-que-se-necesitan-en-una-boda-y-su-organizacion\/\">les professionnels n\u00e9cessaires \u00e0 l&rsquo;organisation d&rsquo;un mariage<\/a>, nous esp\u00e9rons vous avoir aid\u00e9 !<\/p>\n<p><\/p>\n<span class=\"tags-links\"><a href=\"https:\/\/perfectvenue.eu\/fr\/tag\/boda\/\" rel=\"tag\">boda<\/a><a href=\"https:\/\/perfectvenue.eu\/fr\/tag\/boda-en-espana\/\" rel=\"tag\">boda en espa\u00f1a<\/a><a href=\"https:\/\/perfectvenue.eu\/fr\/tag\/celebracion-de-bodas-segovia\/\" rel=\"tag\">celebraci\u00f3n de bodas Segovia<\/a><a href=\"https:\/\/perfectvenue.eu\/fr\/tag\/destination-wedding\/\" rel=\"tag\">destination wedding<\/a><a href=\"https:\/\/perfectvenue.eu\/fr\/tag\/venue-for-weddings\/\" rel=\"tag\">venue for weddings<\/a><a href=\"https:\/\/perfectvenue.eu\/fr\/tag\/wedding-in-spain\/\" rel=\"tag\">wedding in spain<\/a><a href=\"https:\/\/perfectvenue.eu\/fr\/tag\/wedding-venue\/\" rel=\"tag\">wedding venue<\/a><\/span>","protected":false},"excerpt":{"rendered":"<p>C\u00e9l\u00e9brations de mariage \u00e0 S\u00e9govie. En outre, les lieux de mariage offrent deux des meilleures sp\u00e9cialit\u00e9s culinaires d&rsquo;Espagne. 20 lieux pour une c\u00e9l\u00e9bration de mariage de r\u00eave \u00e0 S\u00e9govie.<\/p>\n","protected":false},"author":1,"featured_media":32071,"comment_status":"open","ping_status":"open","sticky":false,"template":"","format":"standard","meta":{"_mo_disable_npp":"","footnotes":""},"categories":[945],"tags":[676,413,2684,495,474,354,332],"class_list":["post-32785","post","type-post","status-publish","format-standard","has-post-thumbnail","hentry","category-destination-bohemian-wedding","tag-boda","tag-boda-en-espana","tag-celebracion-de-bodas-segovia","tag-destination-wedding","tag-venue-for-weddings","tag-wedding-in-spain","tag-wedding-venue","post_region-espana","post_region-segovia"],"_links":{"self":[{"href":"https:\/\/perfectvenue.eu\/fr\/wp-json\/wp\/v2\/posts\/32785","targetHints":{"allow":["GET"]}}],"collection":[{"href":"https:\/\/perfectvenue.eu\/fr\/wp-json\/wp\/v2\/posts"}],"about":[{"href":"https:\/\/perfectvenue.eu\/fr\/wp-json\/wp\/v2\/types\/post"}],"author":[{"embeddable":true,"href":"https:\/\/perfectvenue.eu\/fr\/wp-json\/wp\/v2\/users\/1"}],"replies":[{"embeddable":true,"href":"https:\/\/perfectvenue.eu\/fr\/wp-json\/wp\/v2\/comments?post=32785"}],"version-history":[{"count":0,"href":"https:\/\/perfectvenue.eu\/fr\/wp-json\/wp\/v2\/posts\/32785\/revisions"}],"wp:featuredmedia":[{"embeddable":true,"href":"https:\/\/perfectvenue.eu\/fr\/wp-json\/wp\/v2\/media\/32071"}],"wp:attachment":[{"href":"https:\/\/perfectvenue.eu\/fr\/wp-json\/wp\/v2\/media?parent=32785"}],"wp:term":[{"taxonomy":"category","embeddable":true,"href":"https:\/\/perfectvenue.eu\/fr\/wp-json\/wp\/v2\/categories?post=32785"},{"taxonomy":"post_tag","embeddable":true,"href":"https:\/\/perfectvenue.eu\/fr\/wp-json\/wp\/v2\/tags?post=32785"}],"curies":[{"name":"wp","href":"https:\/\/api.w.org\/{rel}","templated":true}]}}